{"id":235189,"date":"2023-04-27T20:21:18","date_gmt":"2023-04-27T18:21:18","guid":{"rendered":"https:\/\/www.cronacaonline.it\/?p=235189"},"modified":"2023-04-27T20:21:21","modified_gmt":"2023-04-27T18:21:21","slug":"comunita-energetiche-assessore-pili-giunta-sarda-approva-lista-dei-comuni-beneficiari-delle-risorse","status":"publish","type":"post","link":"https:\/\/www.cronacaonline.it\/index.php\/2023\/04\/27\/comunita-energetiche-assessore-pili-giunta-sarda-approva-lista-dei-comuni-beneficiari-delle-risorse\/","title":{"rendered":"Comunit\u00e0 energetiche, Assessore Pili: Giunta sarda approva lista dei comuni beneficiari delle risorse."},"content":{"rendered":"\n<p>Cagliari, 27 Apr 2023 \u2013 15mila euro ai comuni per la realizzazione di uno studio di fattibilit\u00e0 finalizzato alla costituzione di comunit\u00e0 energetiche da fonti rinnovabili, con priorit\u00e0 ai comuni privi della rete del metano e in base al numero degli abitanti: \u00e8 quanto stabilito dall\u2019ultima delibera in materia di comunit\u00e0 energetiche rinnovabili (CER) approvata dalla Giunta regionale nella seduta odierna su proposta dell\u2019assessore dell\u2019Industria, Anita Pili.<\/p>\n\n\n\n<p>Le risorse, stanziate con la legge regionale n.22 dello scorso dicembre, ammontano a 2 milioni per l\u2019annualit\u00e0 2023 e altrettanti per quella 2024, ad integrazione delle risorse che arriveranno dal Piano Nazionale di Ripresa e Resilienza (Pnrr).<\/p>\n\n\n\n<p>\u201cLa Regione porta avanti l\u2019impegno della transizione energetica e lo fa incentivando la costituzione delle comunit\u00e0 \u2013 afferma l\u2019assessore Pili. Con la legge sull\u2019Energia approvata ad ottobre abbiamo messo a punto le disposizioni in materia di energia, finalizzate a garantire lo sviluppo sostenibile del sistema energetico regionale. Vogliamo favorire la riduzione delle emissioni climalteranti e assicurare un equo accesso alle risorse energetiche da parte di tutti gli attori, produttori e consumatori coinvolti, e sostenere le pubbliche amministrazioni nella creazione di comunit\u00e0 energetiche da fonti energetiche rinnovabili e la loro partecipazione diretta\u201d<\/p>\n\n\n\n<p>\u201cLa comunit\u00e0 energetica \u2013 conclude l\u2019assessora Pili -&nbsp;&nbsp;incentra la sua attivit\u00e0 sul valore dell'energia prodotta e non sulla realizzazione di un profitto. I membri della comunit\u00e0 partecipano alla generazione distribuita di energia da fonte rinnovabile e all'esecuzione di attivit\u00e0 di gestione del sistema di distribuzione, di fornitura e di aggregazione dell'energia a livello locale. Nella distribuzione delle risorse ci \u00e8 sembrato opportuno dare priorit\u00e0 ai comuni non raggiunti dalla rete del metano, affinch\u00e9 questi possano condividere il risparmio energetico e l'autoconsumo all'interno del territorio comunale con un equo accesso alle risorse energetiche. Ci\u00f2 vale anche per la tutela di soggetti e comunit\u00e0 socialmente, territorialmente ed economicamente svantaggiati, e per i comuni caratterizzati da un minor numero di abitanti, ai fini di contrastare lo spopolamento\u201d.<\/p>\n\n\n\n<p>Questi i comuni finanziati, privi della rete del metano, per l\u2019annualit\u00e0 2023: Baradili, Monteleone Rocca Doria, Sodd\u00ec, Semestene,&nbsp;&nbsp;Bidon\u00ec, Setzu, Tadasuni, Modolo, Boroneddu, Sennariolo, Las Plassas, Siris, Pompu, Tinnura, Albagiara, Assolo, Asuni, Bessude, Borutta, Curcuris, Esporlatu, Genuri, Noragugume, Nureci, Pau, Sant'Antonio Ruinas, Sorradile, Villa Verde, Turri, Cheremule, Aidomaggiore, Mogorella, Senis, Armungia, Flussio, Montresta, Gonnoscodina, Nughedu Santa Vittoria, Goni, Lei, Bulzi, Martis, Ula Tirso, Sini, Giave, Romana, Ussaramanna,&nbsp;Birori, Banari, Escolca, Pauli Arbarei, Esterzili, Baressa, Magomadas, Dualchi, Tergu, Ruinas, Padria, Serri, Villanovaforru, Bottidda, Erula, Gonnosn\u00f2, Usellus, Gadoni, San Nicol\u00f2 Gerrei, Bortigiadas, Ballao, Ardara,&nbsp;&nbsp;Nughedu San Nicol\u00f2, Illorai, Seulo, Collinas, Gesico, Ardauli, Gonnostramatza, Nuragus, Burgos, Fordongianus, Laerru, Oniferi, Sadali, Tramatza, Bonnanaro, Tuili, Villasalto, Suni, Masullas, Villanova Tulo, Atzara, Ortueri, Silius, Segariu, Tresnuraghes, Pimentel, Zeddiani, Gergei, Norbello, Nurallao, Gesturi, Aglientu, Busachi, Barumini, Aritzo, Bortigali, Sedini, Codrongianos, Florinas, Lula, Santa Maria Coghinas, Aggius, Scano Montiferro, Nuxis, Sant'Antonio di Gallura, Milis, Villaurbana, Chiaramonti, Furtei, Sorgono, Sarule, Domus de Maria, Viddalba, Meana Sardo, Sindia, Lunamatrona, Castiadas, Laconi, Sant'Andrea Frius, Seneghe, Nurachi, Mores, Badesi, Soleminis.<\/p>\n\n\n\n<p>Questo l\u2019elenco dei comuni, sempre privi della rete del metano, che rientrano nell\u2019annualit\u00e0 2024: Luogosanto, Orotelli, Donori, Borore, Silanus, Padru, Riola Sardo, Nurri, Orroli, Paulilatino, Villa San Pietro, Villanova Monteleone, Trinit\u00e0 d'Agultu e Vignola, Telti, Ottana, Santu Lussurgiu, Perfugas, Galtell\u00ec, Golfo Aranci, San Vero Milis, Pozzomaggiore, Bolotana, Luras, Cuglieri, Villamar, Isili, Abbasanta, Bitti, Nulvi, Burcei, Orani, Calasetta, Samugheo, Thiesi, Jerzu, Oschiri, Bonorva, Teulada, Bono, San Vito, Loiri Porto San Paolo, Villasimius, Calangianus, Sardara, Palau, Ploaghe, Villaputzu, Gonnesa, Portoscuso, Santa Teresa Gallura, Sarroch, Muravera, Castelsardo, San Giovanni Suergiu, Domusnovas, Carloforte, Oliena, Pula, Bosa, San Gavino Monreale, Decimomannu, Uta, Cabras, Elmas, Dolianova, La Maddalena, Sant'Antioco, Arzachena, Tempio Pausania, Capoterra, Iglesias, Assemini, Carbonia, Selargius. Com<\/p>\n","protected":false},"excerpt":{"rendered":"<p>Cagliari, 27 Apr 2023 \u2013 15mila euro ai comuni per la realizzazione di uno studio di fattibilit\u00e0 finalizzato alla costituzione di comunit\u00e0 energetiche da fonti&#8230;<\/p>\n","protected":false},"author":2,"featured_media":230445,"comment_status":"closed","ping_status":"open","sticky":false,"template":"","format":"standard","meta":[],"categories":[49,52],"tags":[],"_links":{"self":[{"href":"https:\/\/www.cronacaonline.it\/index.php\/wp-json\/wp\/v2\/posts\/235189"}],"collection":[{"href":"https:\/\/www.cronacaonline.it\/index.php\/wp-json\/wp\/v2\/posts"}],"about":[{"href":"https:\/\/www.cronacaonline.it\/index.php\/wp-json\/wp\/v2\/types\/post"}],"author":[{"embeddable":true,"href":"https:\/\/www.cronacaonline.it\/index.php\/wp-json\/wp\/v2\/users\/2"}],"replies":[{"embeddable":true,"href":"https:\/\/www.cronacaonline.it\/index.php\/wp-json\/wp\/v2\/comments?post=235189"}],"version-history":[{"count":1,"href":"https:\/\/www.cronacaonline.it\/index.php\/wp-json\/wp\/v2\/posts\/235189\/revisions"}],"predecessor-version":[{"id":235190,"href":"https:\/\/www.cronacaonline.it\/index.php\/wp-json\/wp\/v2\/posts\/235189\/revisions\/235190"}],"wp:featuredmedia":[{"embeddable":true,"href":"https:\/\/www.cronacaonline.it\/index.php\/wp-json\/wp\/v2\/media\/230445"}],"wp:attachment":[{"href":"https:\/\/www.cronacaonline.it\/index.php\/wp-json\/wp\/v2\/media?parent=235189"}],"wp:term":[{"taxonomy":"category","embeddable":true,"href":"https:\/\/www.cronacaonline.it\/index.php\/wp-json\/wp\/v2\/categories?post=235189"},{"taxonomy":"post_tag","embeddable":true,"href":"https:\/\/www.cronacaonline.it\/index.php\/wp-json\/wp\/v2\/tags?post=235189"}],"curies":[{"name":"wp","href":"https:\/\/api.w.org\/{rel}","templated":true}]}}