{"id":235187,"date":"2023-04-27T20:16:56","date_gmt":"2023-04-27T18:16:56","guid":{"rendered":"https:\/\/www.cronacaonline.it\/?p=235187"},"modified":"2023-04-27T20:16:58","modified_gmt":"2023-04-27T18:16:58","slug":"einstein-telescope-il-presidente-sardegna-governo-al-fianco-della-regione-et-opera-strategica-che-cambiera-il-futuro-dellisola","status":"publish","type":"post","link":"https:\/\/www.cronacaonline.it\/index.php\/2023\/04\/27\/einstein-telescope-il-presidente-sardegna-governo-al-fianco-della-regione-et-opera-strategica-che-cambiera-il-futuro-dellisola\/","title":{"rendered":"Einstein telescope, il presidente Sardegna: \u201cgoverno al fianco della regione. Et opera strategica che cambier\u00e0 il futuro dell\u2019Isola\u201d."},"content":{"rendered":"\n<p>Cagliari, 27 Apr 2023\u00a0- \u201cIl sostegno ancora una volta espresso dal Governo attraverso la ministra Annamaria Bernini, che alla Camera dei deputati ha illustrato le potenzialit\u00e0 del progetto parlando di \u2018messa in sicurezza\u2019 dell\u2019iter pi\u00f9 corretto per la realizzazione dell\u2019Einstein Telescope grazie alla conversione del decreto legge-Pnrr che ha dato assoluta priorit\u00e0 a ET rispetto ad altri tipi di attivit\u00e0 compresa la realizzazione di parchi eolici, conferma la strategicit\u00e0 del progetto per la Sardegna, per l\u2019Italia e per l\u2019Europa intera\u201d. Lo ha detto il Presidente della Regione Sardegna, esperimento parole di apprezzamento per il sostegno dimostrato dal Governo, che, accompagnando le azioni della Regione, sta attivamente e concretamente supportando la candidatura italiana per la realizzazione dell\u2019osservatorio di onde gravitazionali di quarta generazione a Sos Enattos.<\/p>\n\n\n\n<p>\u201cAbbiamo avuto l\u2019occasione di mostrare alla ministra le caratteristiche del posto un mese fa nel corso della sua visita a Lula e insieme abbiamo constatato l\u2019unicit\u00e0 del sito, condividendo la necessit\u00e0 di fare quanto in nostro potere per assicurare all\u2019Europa che non c\u2019\u00e8 altro sito dalle potenzialit\u00e0 e caratteristiche naturali che possa competere con Sos Enattos - ha proseguito il Presidente -.<\/p>\n\n\n\n<p>La Sardegna ha una grande occasione, lo abbiamo capito fin da subito decidendo di scommettere su questo grande investimento, che per i prossimi 30 anni avr\u00e0 l\u2019unicit\u00e0 di attrarre tutte le comunit\u00e0 scientifiche del mondo verso di noi. Et - ha concluso il Presidente - sar\u00e0 uno straordinario attrattore che non \u00e8 pi\u00f9 solo turistico, legato quindi all\u2018economia delle coste, ma che riuscir\u00e0 a restituire alle zone dell\u2019interno l\u2019immagine di un ecosistema favorevole per gli investimenti in termini di ricerca, innovazione, sviluppo\". Com<\/p>\n","protected":false},"excerpt":{"rendered":"<p>Cagliari, 27 Apr 2023\u00a0&#8211; \u201cIl sostegno ancora una volta espresso dal Governo attraverso la ministra Annamaria Bernini, che alla Camera dei deputati ha illustrato le&#8230;<\/p>\n","protected":false},"author":2,"featured_media":150681,"comment_status":"closed","ping_status":"open","sticky":false,"template":"","format":"standard","meta":[],"categories":[49,52],"tags":[],"_links":{"self":[{"href":"https:\/\/www.cronacaonline.it\/index.php\/wp-json\/wp\/v2\/posts\/235187"}],"collection":[{"href":"https:\/\/www.cronacaonline.it\/index.php\/wp-json\/wp\/v2\/posts"}],"about":[{"href":"https:\/\/www.cronacaonline.it\/index.php\/wp-json\/wp\/v2\/types\/post"}],"author":[{"embeddable":true,"href":"https:\/\/www.cronacaonline.it\/index.php\/wp-json\/wp\/v2\/users\/2"}],"replies":[{"embeddable":true,"href":"https:\/\/www.cronacaonline.it\/index.php\/wp-json\/wp\/v2\/comments?post=235187"}],"version-history":[{"count":1,"href":"https:\/\/www.cronacaonline.it\/index.php\/wp-json\/wp\/v2\/posts\/235187\/revisions"}],"predecessor-version":[{"id":235188,"href":"https:\/\/www.cronacaonline.it\/index.php\/wp-json\/wp\/v2\/posts\/235187\/revisions\/235188"}],"wp:featuredmedia":[{"embeddable":true,"href":"https:\/\/www.cronacaonline.it\/index.php\/wp-json\/wp\/v2\/media\/150681"}],"wp:attachment":[{"href":"https:\/\/www.cronacaonline.it\/index.php\/wp-json\/wp\/v2\/media?parent=235187"}],"wp:term":[{"taxonomy":"category","embeddable":true,"href":"https:\/\/www.cronacaonline.it\/index.php\/wp-json\/wp\/v2\/categories?post=235187"},{"taxonomy":"post_tag","embeddable":true,"href":"https:\/\/www.cronacaonline.it\/index.php\/wp-json\/wp\/v2\/tags?post=235187"}],"curies":[{"name":"wp","href":"https:\/\/api.w.org\/{rel}","templated":true}]}}