{"id":235156,"date":"2023-04-27T11:31:06","date_gmt":"2023-04-27T09:31:06","guid":{"rendered":"https:\/\/www.cronacaonline.it\/?p=235156"},"modified":"2023-04-27T11:31:10","modified_gmt":"2023-04-27T09:31:10","slug":"aeroporti-maggioranza-e-opposizione-per-una-seduta-straordinaria-del-consiglio-sulla-fusione-delle-societa-di-gestione-degli-scali-isolani","status":"publish","type":"post","link":"https:\/\/www.cronacaonline.it\/index.php\/2023\/04\/27\/aeroporti-maggioranza-e-opposizione-per-una-seduta-straordinaria-del-consiglio-sulla-fusione-delle-societa-di-gestione-degli-scali-isolani\/","title":{"rendered":"Aeroporti, maggioranza e opposizione per una seduta straordinaria del Consiglio sulla fusione delle societ\u00e0 di gestione degli scali isolani.\u00a0\u00a0\u00a0"},"content":{"rendered":"\n<p>Cagliari, 27 Apr 2023 - Una seduta straordinaria del Consiglio regionale per discutere della situazione degli aeroporti sardi. E\u2019 l\u2019orientamento dei capigruppo di maggioranza emerso ieri al termine dell\u2019audizione dell\u2019assessore ai Trasporti Antonio Moro in Quarta Commissione sottoscritto anche dagli esponenti della minoranza. Una richiesta ufficiale di convocazione dell\u2019Aula verr\u00e0 avanzata nelle prossime ore al Presidente del Consiglio Michele Pais. \u00abC\u2019\u00e8 la necessita di un dibattito pubblico sulla fusione delle societ\u00e0 di gestione degli aeroporti di Olbia e Alghero e sul progetto di privatizzazione dell\u2019aeroporto di Cagliari \u2013 hanno detto in coro gli esponenti della maggioranza \u2013 operazioni sulle quali serve chiarezza\u00bb. Sulla opportunit\u00e0 di un dibattito pubblico, concorda anche la Giunta regionale: \u00abIl 21 marzo scorso, con un vero e proprio blitz, \u00e8 avvenuta la fusione degli aeroporti del nord Sardegna \u2013 ha detto l\u2019assessore \u2013 operazione che la Regione non condivide, il fondo di investimento F2i ha agito unilateralmente, non c\u2019\u00e8 stato alcun confronto. La ventilata privatizzazione dell\u2019aeroporto di Cagliari e la sua fusione con Olbia e Alghero priverebbe la Regione di qualsiasi ruolo di vigilanza, controllo e programmazione in una materia importante come quella dei trasporti, decisiva per i progetti di sviluppo dell\u2019Isola\u00bb. Con la fusione delle tre societ\u00e0 di gestione, il peso della mano pubblica sarebbe ridotto quasi a zero. Il matrimonio tra Olbia e Alghero ha ridotto la quota di partecipazione regionale al 2,9 per cento. Se si concretizzasse la fusione con Cagliari, dove oggi la presenza pubblica \u00e8 predominante, il risultato sarebbe lo stesso con la Regione relegata a un ruolo di pura testimonianza: \u00abConsegnare le chiavi d\u2019accesso della Sardegna a un fondo privato di investimento che mira a massimizzare i profitti per remunerare il capitale degli investitori \u00e8 in netta contraddizione con le finalit\u00e0 della politica regionale \u2013 ha sottolineato Moro \u2013 la Regione ha il dovere di garantire il diritto alla mobilit\u00e0 dei sardi e puntare all\u2019incremento del traffico passeggeri per la crescita dell\u2019economia isolana\u00bb. Il progetto di privatizzazione dell\u2019aeroporto di Cagliari sar\u00e0 discusso domani nell\u2019assemblea dei soci di Sogaer. F2i avrebbe gi\u00e0 avviato l\u2019analisi delle attivit\u00e0 della societ\u00e0 di gestione dell\u2019aeroporto: \u00abAbbiamo dei dubbi sulla liceit\u00e0 di un\u2019operazione che esclude una gara di evidenza pubblica \u2013 ha proseguito Moro \u2013 che tutto questo avvenga nel silenzio della politica \u00e8 quanto di pi\u00f9 dannoso ci possa essere\u00bb.<\/p>\n\n\n\n<p>Preoccupazione \u00e8 stata espressa anche dai consiglieri di minoranza Maria Laura Orr\u00f9 e Roberto Li Gioi: \u00abServe un passaggio in Consiglio \u2013 hanno detto \u2013 su questa vicenda c\u2019\u00e8 una chiara responsabilit\u00e0 della Regione, in particolare del presidente. Di questa fusione si parlava da tempo, quando \u00e8 arrivata la proposta di F2i il suo rappresentate al\u2019interno del cda si \u00e8 astenuto. E\u2019 un fatto molto grave. Non si pu\u00f2 delegare a terzi lo sviluppo dell\u2019Isola. \u00c8 il fallimento totale della politica\u00bb. Chiarezza chiedono anche gli esponenti della maggioranza. Per il capogruppo di FdI Fausto Piga: \u00abQuesta operazione \u00e8 stata condotta al buio. In ballo c\u2019\u00e8 il futuro degli aeroporti sardi e lo sviluppo dell\u2019Isola\u00bb. Per Marco Tedde (Fi): \u00abLa Regione non pu\u00f2 essere messa&nbsp;a latere.&nbsp;Il presidente della Sardegna deve pretendere un impegno scritto da F2i. L\u2019interesse pubblico (diritto alla mobilit\u00e0 e sviluppo dell\u2019economia sarda) non pu\u00f2 essere ignorato. Il Consiglio prenda una decisione nell\u2019interesse dei sardi\u00bb. Posizione condivisa dal capogruppo della Lega Michele Ennas, promotore dell\u2019incontro di ieri in Commissione: \u00abE\u2019 quanto mai urgente investire il Consiglio della questione per capire se il progetto di fusione sia ormai irreversibile o se la Regione possa ancora dire la sua\u00bb. Com<\/p>\n","protected":false},"excerpt":{"rendered":"<p>Cagliari, 27 Apr 2023 &#8211; Una seduta straordinaria del Consiglio regionale per discutere della situazione degli aeroporti sardi. E\u2019 l\u2019orientamento dei capigruppo di maggioranza emerso&#8230;<\/p>\n","protected":false},"author":2,"featured_media":192512,"comment_status":"closed","ping_status":"open","sticky":false,"template":"","format":"standard","meta":[],"categories":[49,52],"tags":[],"_links":{"self":[{"href":"https:\/\/www.cronacaonline.it\/index.php\/wp-json\/wp\/v2\/posts\/235156"}],"collection":[{"href":"https:\/\/www.cronacaonline.it\/index.php\/wp-json\/wp\/v2\/posts"}],"about":[{"href":"https:\/\/www.cronacaonline.it\/index.php\/wp-json\/wp\/v2\/types\/post"}],"author":[{"embeddable":true,"href":"https:\/\/www.cronacaonline.it\/index.php\/wp-json\/wp\/v2\/users\/2"}],"replies":[{"embeddable":true,"href":"https:\/\/www.cronacaonline.it\/index.php\/wp-json\/wp\/v2\/comments?post=235156"}],"version-history":[{"count":1,"href":"https:\/\/www.cronacaonline.it\/index.php\/wp-json\/wp\/v2\/posts\/235156\/revisions"}],"predecessor-version":[{"id":235157,"href":"https:\/\/www.cronacaonline.it\/index.php\/wp-json\/wp\/v2\/posts\/235156\/revisions\/235157"}],"wp:featuredmedia":[{"embeddable":true,"href":"https:\/\/www.cronacaonline.it\/index.php\/wp-json\/wp\/v2\/media\/192512"}],"wp:attachment":[{"href":"https:\/\/www.cronacaonline.it\/index.php\/wp-json\/wp\/v2\/media?parent=235156"}],"wp:term":[{"taxonomy":"category","embeddable":true,"href":"https:\/\/www.cronacaonline.it\/index.php\/wp-json\/wp\/v2\/categories?post=235156"},{"taxonomy":"post_tag","embeddable":true,"href":"https:\/\/www.cronacaonline.it\/index.php\/wp-json\/wp\/v2\/tags?post=235156"}],"curies":[{"name":"wp","href":"https:\/\/api.w.org\/{rel}","templated":true}]}}