{"id":235130,"date":"2023-04-26T18:01:58","date_gmt":"2023-04-26T16:01:58","guid":{"rendered":"https:\/\/www.cronacaonline.it\/?p=235130"},"modified":"2023-04-26T18:02:01","modified_gmt":"2023-04-26T16:02:01","slug":"sa-die-de-sa-sardigna-il-presidente-sardegna-forza-di-un-popolo-unito-che-ha-cambiato-la-storia-giornata-mai-come-oggi-attuale-e-carica-di-significato","status":"publish","type":"post","link":"https:\/\/www.cronacaonline.it\/index.php\/2023\/04\/26\/sa-die-de-sa-sardigna-il-presidente-sardegna-forza-di-un-popolo-unito-che-ha-cambiato-la-storia-giornata-mai-come-oggi-attuale-e-carica-di-significato\/","title":{"rendered":"Sa die de sa sardigna, il presidente Sardegna: \u201cforza di un popolo unito che ha cambiato la storia. Giornata mai come oggi attuale e carica di significato\u201d."},"content":{"rendered":"\n<p>Cagliari, 26 Apr 2023 -\u00a0\u201c\u00c8 una giornata mai come oggi attuale e carica di significato, quella che la Sardegna intera, fermandosi, si prepara a festeggiare venerd\u00ec 28 aprile. Era il \u201893 quando, per ricordare la sommossa dei Vespri sardi, venne istituita la giornata di orgoglio del Popolo Sardo e oggi, a trent\u2019anni dalla sua istituzione, Sa Die de Sa Sardigna, \u00e8 l\u2019occasione pi\u00f9 vera, solenne e importante per ricordare, celebrare, festeggiare il legame intimo e profondo che nella Storia ha unito, e ancora oggi unisce, i sardi alla propria terra. La sarda rivoluzione, come la bandiera dei Quattro mori e l\u2019inno \u2018Procurade \u2018e moderare\u2019 sono straordinari elementi fondativi e fortissimi simboli identitari della storia del nostro Popolo che mai nulla potr\u00e0 oscurare\u201d. Lo\u00a0ha detto il Presidente della Regione Sardegna, che venerd\u00ec sar\u00e0 presente all\u2019inaugurazione della mostra \u201cCastelli medievali di Sardegna. Un progetto tra Marmilla e Sarcidano\u201d, visitabile nel Castello di San Michele a Cagliari dal 28 aprile al 14 maggio, dalle 9 alle 18. Il Presidente prender\u00e0 poi parte alle celebrazioni in Consiglio regionale e, la sera, a Sassari per la rievocazione storica: \u201c1796 - Alternos, Giovanni Maria Angioy\u201d.<\/p>\n\n\n\n<p>Il Presidente, soffermandosi sull\u2019importanza della giornata ha invitato alla riflessione: \u201cSi tratta di una ricorrenza che esalta lo spirito del popolo sardo ma che deve farci riflettere per comprendere appieno chi siamo stati,&nbsp;&nbsp;chi siamo oggi e verso quale direzione vogliamo andare, per far s\u00ec che il coraggio dimostrato nel corso della Storia non ci abbandoni ma anzi, ripensando ai sacrifici e alle battaglie compiute dal Popolo sardo, ci spinga verso azioni migliorative della nostra condizione, nella nostra stessa Sardegna, nei rapporti con lo Stato e nel panorama europeo\u201d.<\/p>\n\n\n\n<p>Il programma di eventi, che toccher\u00e0 diverse localit\u00e0 sarde, prender\u00e0 avvio appunto il 28 e abbraccer\u00e0 i giorni a seguire in una serie di manifestazioni, occasioni di studio e approfondimento, rievocazioni, eventi che onoreranno al meglio una giornata storica per tutta la Sardegna.<\/p>\n\n\n\n<p>Tra gli eventi principali, sempre il 28 a Bono, al Palazzo Civico, alle 15.00, incontro Istituzionale con l\u2019apposizione di una targa di commemorazione della figura di Giovanni Maria Angioy. A Sassari, al Palazzo Civico, Piazza Tola e Piazza Duomo dalle 17.30. &nbsp;Alle 18, rievocazione storica: \u201c1796 - Ingressso Alternos, Giovanni Maria Angioy a Sassari\u201d.&nbsp;<\/p>\n\n\n\n<p>Sabato 29 aprile a Nuoro, in Piazza Satta dalle ore 17.00 rievocazione storica: a su connottu. Al Palazzo Civico dalle ore 18.00 Alle 19, Processo a Paschedda Zau.<\/p>\n\n\n\n<p>Infine, nella giornata di domenica 30 aprile a Cagliari dalle 10.30 alle 13.30 e dalle 16.30 sino alle 21, presso i locali della Manifattura Tabacchi, rievocazione storica - Il Discorso della Vittoria dei Sardi contro i Francesi - Vincenza Zedda, moglie di Vincenzo Sulis, rievoca le gesta del marito contro gli invasori francesi - Incontro fra il Vicer\u00e9, il Generale La Flechere e Don Girolamo Pitzolo - I piemontesi vengono processati dal popolo, e costretti alla resa - I piemontesi vengono cacciati, perch\u00e9 lascino l\u2019Isola - Esplode la festa del Popolo Sardo.<\/p>\n","protected":false},"excerpt":{"rendered":"<p>Cagliari, 26 Apr 2023 &#8211;\u00a0\u201c\u00c8 una giornata mai come oggi attuale e carica di significato, quella che la Sardegna intera, fermandosi, si prepara a festeggiare&#8230;<\/p>\n","protected":false},"author":2,"featured_media":205828,"comment_status":"closed","ping_status":"open","sticky":false,"template":"","format":"standard","meta":[],"categories":[49,52],"tags":[],"_links":{"self":[{"href":"https:\/\/www.cronacaonline.it\/index.php\/wp-json\/wp\/v2\/posts\/235130"}],"collection":[{"href":"https:\/\/www.cronacaonline.it\/index.php\/wp-json\/wp\/v2\/posts"}],"about":[{"href":"https:\/\/www.cronacaonline.it\/index.php\/wp-json\/wp\/v2\/types\/post"}],"author":[{"embeddable":true,"href":"https:\/\/www.cronacaonline.it\/index.php\/wp-json\/wp\/v2\/users\/2"}],"replies":[{"embeddable":true,"href":"https:\/\/www.cronacaonline.it\/index.php\/wp-json\/wp\/v2\/comments?post=235130"}],"version-history":[{"count":1,"href":"https:\/\/www.cronacaonline.it\/index.php\/wp-json\/wp\/v2\/posts\/235130\/revisions"}],"predecessor-version":[{"id":235131,"href":"https:\/\/www.cronacaonline.it\/index.php\/wp-json\/wp\/v2\/posts\/235130\/revisions\/235131"}],"wp:featuredmedia":[{"embeddable":true,"href":"https:\/\/www.cronacaonline.it\/index.php\/wp-json\/wp\/v2\/media\/205828"}],"wp:attachment":[{"href":"https:\/\/www.cronacaonline.it\/index.php\/wp-json\/wp\/v2\/media?parent=235130"}],"wp:term":[{"taxonomy":"category","embeddable":true,"href":"https:\/\/www.cronacaonline.it\/index.php\/wp-json\/wp\/v2\/categories?post=235130"},{"taxonomy":"post_tag","embeddable":true,"href":"https:\/\/www.cronacaonline.it\/index.php\/wp-json\/wp\/v2\/tags?post=235130"}],"curies":[{"name":"wp","href":"https:\/\/api.w.org\/{rel}","templated":true}]}}