{"id":235085,"date":"2023-04-25T15:58:51","date_gmt":"2023-04-25T13:58:51","guid":{"rendered":"https:\/\/www.cronacaonline.it\/?p=235085"},"modified":"2023-04-25T15:58:53","modified_gmt":"2023-04-25T13:58:53","slug":"festa-della-liberazione-biancareddu-il-25-aprile-e-un-giorno-di-riflessione-e-di-ricordo-per-la-nostra-sardegna-e-dovere-morale-guardare-al-futuro-conservando-la-memoria-storica","status":"publish","type":"post","link":"https:\/\/www.cronacaonline.it\/index.php\/2023\/04\/25\/festa-della-liberazione-biancareddu-il-25-aprile-e-un-giorno-di-riflessione-e-di-ricordo-per-la-nostra-sardegna-e-dovere-morale-guardare-al-futuro-conservando-la-memoria-storica\/","title":{"rendered":"Festa della liberazione: Biancareddu, il 25 aprile \u00e8 un giorno di riflessione e di ricordo. Per la nostra Sardegna \u00e8 dovere morale guardare al futuro conservando la memoria storica."},"content":{"rendered":"\n<p>La Maddalena (SS),\u00a025 Apr 2023\u00a0\u2013 \u201cIl 25 Aprile, Festa della Liberazione, rappresenta uno spartiacque imprescindibile della nostra storia nazionale. A La Maddalena \u00e8 scritta una pagina molto importante della storia della Resistenza.\u201d Lo ha detto l\u2019assessore alla Cultura, Andrea Biancareddu, che, portando i saluti del Presidente della Regione, Christian Solinas, ha partecipato alla solenne cerimonia in ricordo di quei giorni e dei caduti della battaglia che si svolse nell\u2019isola di La Maddalena dal 9 al 13\u00a0settembre\u00a0del 1943.<br>\u201cL\u2019anniversario della Liberazione \u00e8 un giorno di celebrazione, di riflessione e anche di festa per far conoscere e riportare alla memoria i momenti che segnarono, dopo anni di dolore e distruzione, la fine della guerra e del fascismo, la riconquista della democrazia e della libert\u00e0 del popolo. A distanza di 78 anni questo patrimonio di memoria e di valori \u00e8 quanto mai attuale, visti i tempi oscuri che stiamo vivendo, ed \u00e8 quindi importante celebrare degnamente il ricordo della lotta per la Liberazione per promuovere i veri valori umani, di fratellanza e solidariet\u00e0.\u00a0\u00a0Bisogna sempre tenere viva la memoria per tramandare ai nostri giovani il significato pi\u00f9 vero della parola pace\u201d.<\/p>\n\n\n\n<p>Nella battaglia di La Maddalena, combattuta nei giorni immediatamente successivi alla firma dell\u2019armistizio, per liberare l\u2019isola dall\u2019occupazione tedesca morirono 28 militari italiani (tra questi undici sardi, quasi tutti giovanissimi) e ci furono oltre quaranta feriti. Per ricordare quello che fu uno dei primissimi atti della Resistenza italiana, il 13&nbsp;settembre&nbsp;del 2019 \u00e8 stato inaugurato a La Maddalena un monumento dedicato ai caduti della battaglia, simbolo della Resistenza combattuta in Sardegna, progettato dall\u2019architetto Almo Bramucci e realizzato dall\u2019Anpi, l\u2019Associazione nazionale partigiani, grazie anche al contributo della Regione.<br>\u201cOggi&nbsp;- ha detto ancora l\u2019assessore Biancareddu davanti al monumento ai caduti - rendiamo omaggio al sacrificio dei nostri soldati, di giovani sardi che hanno trovato la morte con un atto di coraggio necessario per ridarci la libert\u00e0. Il piacere di essere qui, in quest\u2019Isola per commemorare un giorno a noi tutti caro, la Festa della Liberazione. Un giorno simbolo di amicizia, fratellanza di sacrificio e orgoglio per noi sardi. Questo monumento alla resistenza e al valore di tanti sardi a La Maddalena \u00e8 un sito istituzionale voluto dalla Regione proprio per ricordare quelle tristi pagine di storia recente, nell\u2019unico episodio di resistenza avvenuto nell\u2019Isola\u201d.<\/p>\n\n\n\n<p>La Battaglia di La Maddalena \u00e8 uno dei primi episodi della Resistenza italiana. I giorni dal 9 al 13&nbsp;settembre&nbsp;1943 segnarono la reazione dei reparti dell\u2019Esercito e della Marina contro i tedeschi che avevano occupato la Base militare. Durante la battaglia, pur essendo il combattimento favorevole alle forze italiane grazie all\u2019ardimento e alla determinazione dimostrata, il prezzo pagato fu alto: 28 morti, quasi tutti molto giovani.<br>ll programmato arrivo del Re, della corte e del Governo Badoglio a La Maddalena con al seguito la flotta navale da battaglia con in testa la Corazzata Roma avrebbero creato tutte le condizioni per il libero esercizio dei compiti istituzionali del nuovo governo e avrebbero forse mutato il corso della storia e salvato l\u2019istituzione monarchica. Com<\/p>\n","protected":false},"excerpt":{"rendered":"<p>La Maddalena (SS),\u00a025 Apr 2023\u00a0\u2013 \u201cIl 25 Aprile, Festa della Liberazione, rappresenta uno spartiacque imprescindibile della nostra storia nazionale. A La Maddalena \u00e8 scritta una&#8230;<\/p>\n","protected":false},"author":2,"featured_media":235086,"comment_status":"closed","ping_status":"open","sticky":false,"template":"","format":"standard","meta":[],"categories":[49,52],"tags":[],"_links":{"self":[{"href":"https:\/\/www.cronacaonline.it\/index.php\/wp-json\/wp\/v2\/posts\/235085"}],"collection":[{"href":"https:\/\/www.cronacaonline.it\/index.php\/wp-json\/wp\/v2\/posts"}],"about":[{"href":"https:\/\/www.cronacaonline.it\/index.php\/wp-json\/wp\/v2\/types\/post"}],"author":[{"embeddable":true,"href":"https:\/\/www.cronacaonline.it\/index.php\/wp-json\/wp\/v2\/users\/2"}],"replies":[{"embeddable":true,"href":"https:\/\/www.cronacaonline.it\/index.php\/wp-json\/wp\/v2\/comments?post=235085"}],"version-history":[{"count":1,"href":"https:\/\/www.cronacaonline.it\/index.php\/wp-json\/wp\/v2\/posts\/235085\/revisions"}],"predecessor-version":[{"id":235087,"href":"https:\/\/www.cronacaonline.it\/index.php\/wp-json\/wp\/v2\/posts\/235085\/revisions\/235087"}],"wp:featuredmedia":[{"embeddable":true,"href":"https:\/\/www.cronacaonline.it\/index.php\/wp-json\/wp\/v2\/media\/235086"}],"wp:attachment":[{"href":"https:\/\/www.cronacaonline.it\/index.php\/wp-json\/wp\/v2\/media?parent=235085"}],"wp:term":[{"taxonomy":"category","embeddable":true,"href":"https:\/\/www.cronacaonline.it\/index.php\/wp-json\/wp\/v2\/categories?post=235085"},{"taxonomy":"post_tag","embeddable":true,"href":"https:\/\/www.cronacaonline.it\/index.php\/wp-json\/wp\/v2\/tags?post=235085"}],"curies":[{"name":"wp","href":"https:\/\/api.w.org\/{rel}","templated":true}]}}