{"id":235067,"date":"2023-04-24T14:36:28","date_gmt":"2023-04-24T12:36:28","guid":{"rendered":"https:\/\/www.cronacaonline.it\/?p=235067"},"modified":"2023-04-24T14:36:31","modified_gmt":"2023-04-24T12:36:31","slug":"fiera-nautica-di-sardegna-assessori-fasolino-e-pili-settore-tra-i-piu-importanti-delleconomia-sarda","status":"publish","type":"post","link":"https:\/\/www.cronacaonline.it\/index.php\/2023\/04\/24\/fiera-nautica-di-sardegna-assessori-fasolino-e-pili-settore-tra-i-piu-importanti-delleconomia-sarda\/","title":{"rendered":"Fiera nautica di Sardegna, assessori Fasolino e Pili: \u201csettore tra i pi\u00f9 importanti dell\u2019economia sarda\u201d."},"content":{"rendered":"\n<p>Cagliari, 24 Apr 2023 \u2013\u00a0\u201cSettore tra i pi\u00f9 importanti dell\u2019economia della Sardegna, che dimostra di avere il potenziale per esprimere al meglio le opportunit\u00e0 di sviluppo dell\u2019intero comparto\u201d. Cos\u00ec gli Assessori della Programmazione e Bilancio, Giuseppe Fasolino, e dell\u2019Industria, Anita Pili, a Porto Rotondo, nel corso della seconda edizione della \u2018Fiera nautica di Sardegna\u2019.<\/p>\n\n\n\n<p>\u201cLa Sardegna e l\u2019area del Nord Est in particolare ha molto da offrire \u2013 ha detto l\u2019Assessore Fasolino questa mattina nel corso di uno degli eventi legati alla Fiera nautica - Dobbiamo essere bravi a intercettare gli investimenti, soprattutto esteri, utilizzando principalmente tre leve: la piena conoscenza e valorizzazione dell\u2019ambito territoriale\/industriale perch\u00e9 \u00e8 fondamentale avere un luogo in cui l\u2019impresa possa insediarsi; il sistema di Rete tra Pubbliche Amministrazioni (regionali e locali), Universit\u00e0 e Centri di Ricerca, Associazioni (camerali, Industriali), Comunit\u00e0 locali perch\u00e9 in Sardegna possiamo offrire un sistema \u2018corto\u2019 di collegamenti istituzionali rispetto alle altre realt\u00e0 territoriali, qui \u00e8 possibile far sedere allo steso tavolo Regione, Comune, Associazioni, Enti di Sviluppo, Comunit\u00e0 Locali. Infine \u2013 ha proseguito l\u2019Assessore Fasolino - la terza leva a nostro favore \u00e8 rappresentata dalla qualit\u00e0 della vita che andr\u00e0 a vantaggio dell\u2019impresa che si insedia, del suo gruppo dirigente e dei lavoratori, si tratta di un surplus che d\u00e0 valore alla proposta insediativa e che spesso non siamo in gradi di valorizzare\u201d.<\/p>\n\n\n\n<p>Questi tre elementi definiscono \u201cun\u2019area localizzativa appetibile\u201d, ha proseguito l\u2019Assessore Fasolino che in chiusura del suo intervento ha evidenziato \u201cla necessit\u00e0 di lavorare con il Mimit per costruire tavoli di lavoro comuni Stato-Regione-Istituzioni locali\u201d.<\/p>\n\n\n\n<p>Sempre sull\u2019importanza del comparto si \u00e8 soffermata l\u2019Assessore dell\u2019Industria, Antita Pili, che ha definito il settore della nautica della Sardegna - cantieristica navale e portuali turistica - uno dei pi\u00f9 importanti per l\u2019economia regionale. \u201cLa Sardegna \u00e8 la seconda regione italiana per numero di porti attivi (118) preceduta solo dalla Sicilia e la prima per numero di posti barca disponibili \u2013 ha spiegato l\u2019Assessore Pili - Raccoglie oltre 1.700 imprese. Di queste, oltre 700 sono localizzate in Gallura, che conferma la sua centralit\u00e0 nel contesto regionale\u201d.<\/p>\n\n\n\n<p>Il potenziamento del sistema produttivo regionale, secondo l\u2019esponente della Giunta sarda, \u201cpassa anche attraverso le opportunit\u00e0 commerciali che si creano nei mercati internazionali per le aziende sarde\u201d. Da qui l\u2019urgenza, ha spiegato l\u2019Assessore, di \u201crichiamare due concetti citati nel saluto iniziale in video conferenza dal vice Ministro Valentino Valentini, a partire dalla valorizzazione delle Produzioni Industriali all\u2019interno delle eccellenze del Made in Italy. L\u2019obiettivo \u2013 ha proseguito - \u00e8 quello di concentrarsi nelle produzioni industriali a basso impatto ambientale ad alto valore aggiunto, con una discontinuit\u00e0 rispetto al passato. Si tratta di creare degli ambiti di specializzazione per ciascun territorio dove ognuno possa esprimere le proprie potenzialit\u00e0 e la propria vocazione territoriale. Come ad esempio quella che definirei \u2018Industria del Mare\u2019 e non \u2018Settore della Nautica\u2019, proprio per indicare tutti i settori di filiera che ruotano attorno a questo comparto\u201d.<\/p>\n\n\n\n<p>Altrettanto importante \u00e8, secondo l\u2019Assessore Pili, il secondo richiamo del Ministro, ovvero portare buyers internazionali: \u201cQuesto concetto \u2013 ha spiegato - si esplica attraverso due direttive all\u2019interno delle \u2018azioni di internazionalizzazione\u2019 che porter\u00e0 avanti l\u2019Assessorato dell\u2019Industria. La partecipazione alle pi\u00f9 importanti fiere, anche in collaborazione con ICE a livello nazionale, ma anche portare i buyers qui da noi per far conoscere quello che possiamo offrire a livello industriale ma anche come Isola, penso all\u2019ambiente, alle bellezze del nostro territorio, al benessere\u201d, ha concluso l\u2019assessora. Red<\/p>\n","protected":false},"excerpt":{"rendered":"<p>Cagliari, 24 Apr 2023 \u2013\u00a0\u201cSettore tra i pi\u00f9 importanti dell\u2019economia della Sardegna, che dimostra di avere il potenziale per esprimere al meglio le opportunit\u00e0 di&#8230;<\/p>\n","protected":false},"author":2,"featured_media":230445,"comment_status":"closed","ping_status":"open","sticky":false,"template":"","format":"standard","meta":[],"categories":[49,52],"tags":[],"_links":{"self":[{"href":"https:\/\/www.cronacaonline.it\/index.php\/wp-json\/wp\/v2\/posts\/235067"}],"collection":[{"href":"https:\/\/www.cronacaonline.it\/index.php\/wp-json\/wp\/v2\/posts"}],"about":[{"href":"https:\/\/www.cronacaonline.it\/index.php\/wp-json\/wp\/v2\/types\/post"}],"author":[{"embeddable":true,"href":"https:\/\/www.cronacaonline.it\/index.php\/wp-json\/wp\/v2\/users\/2"}],"replies":[{"embeddable":true,"href":"https:\/\/www.cronacaonline.it\/index.php\/wp-json\/wp\/v2\/comments?post=235067"}],"version-history":[{"count":1,"href":"https:\/\/www.cronacaonline.it\/index.php\/wp-json\/wp\/v2\/posts\/235067\/revisions"}],"predecessor-version":[{"id":235068,"href":"https:\/\/www.cronacaonline.it\/index.php\/wp-json\/wp\/v2\/posts\/235067\/revisions\/235068"}],"wp:featuredmedia":[{"embeddable":true,"href":"https:\/\/www.cronacaonline.it\/index.php\/wp-json\/wp\/v2\/media\/230445"}],"wp:attachment":[{"href":"https:\/\/www.cronacaonline.it\/index.php\/wp-json\/wp\/v2\/media?parent=235067"}],"wp:term":[{"taxonomy":"category","embeddable":true,"href":"https:\/\/www.cronacaonline.it\/index.php\/wp-json\/wp\/v2\/categories?post=235067"},{"taxonomy":"post_tag","embeddable":true,"href":"https:\/\/www.cronacaonline.it\/index.php\/wp-json\/wp\/v2\/tags?post=235067"}],"curies":[{"name":"wp","href":"https:\/\/api.w.org\/{rel}","templated":true}]}}