{"id":235065,"date":"2023-04-24T12:55:36","date_gmt":"2023-04-24T10:55:36","guid":{"rendered":"https:\/\/www.cronacaonline.it\/?p=235065"},"modified":"2023-04-24T12:55:38","modified_gmt":"2023-04-24T10:55:38","slug":"25-aprile-il-presidente-della-sardegna-festa-sempre-viva-e-attuale-fonte-di-riflessione-sui-valori-della-liberta-e-della-democrazia-per-costruire-una-societa-migliore","status":"publish","type":"post","link":"https:\/\/www.cronacaonline.it\/index.php\/2023\/04\/24\/25-aprile-il-presidente-della-sardegna-festa-sempre-viva-e-attuale-fonte-di-riflessione-sui-valori-della-liberta-e-della-democrazia-per-costruire-una-societa-migliore\/","title":{"rendered":"25 aprile, il presidente della Sardegna: \u201cfesta sempre viva e attuale, fonte di riflessione sui valori della libert\u00e0 e della democrazia per costruire una societ\u00e0 migliore\u201d."},"content":{"rendered":"\n<p>Cagliari, 24 Apr 2023 \u2013\u00a0\u201cUna festa sempre viva e attuale, occasione di riflessione profonda sui valori della libert\u00e0 e della democrazia riconquistate con il sacrificio di molti. Dalla giornata della Liberazione, che verr\u00e0 celebrata domani, traiamo perenne insegnamento e monito affinch\u00e9 la memoria dei momenti che portarono alla fine della guerra e della dittatura fascista e nazista non vengano annacquati n\u00e9 dimenticati. Ma \u00e8 anche una giornata di festa e di speranza, perch\u00e9 partendo dalla Storia, e da questa ricorrenza in particolare, possiamo costruire una societ\u00e0 migliore libera da qualunque dittatura e da qualunque oppressione delle libert\u00e0\u201d.<\/p>\n\n\n\n<p>Cos\u00ec il Presidente della Regione Sardegna, nel giorno dell\u2019anniversario della Liberazione, che definisce \u201cun\u2019occasione per riflettere sui valori della pace, dell\u2019unit\u00e0, della solidariet\u00e0 e della democrazia\u201d.<\/p>\n\n\n\n<p>\u201cCelebrare la Liberazione \u2013 ha proseguito il Presidente - equivale ad aprire una finestra sulla Storia per far entrare negli animi di tutti la luce della libert\u00e0 e della rinascita che hanno cambiato il corso degli eventi aprendo una nuova fase storica, civile, politica.&nbsp;&nbsp;Solo ripercorrendo i momenti pi\u00f9 importanti della nostra Storia, quale la Liberazione \u2013 ha concluso il Presidente - possiamo alimentare il ricordo e ricordare l\u2019esempio, per tramandare ai nostri giovani il significato pi\u00f9 vero della pace. Buon 25 aprile a ogni cittadino e cittadina sardi\u201d. Com<\/p>\n","protected":false},"excerpt":{"rendered":"<p>Cagliari, 24 Apr 2023 \u2013\u00a0\u201cUna festa sempre viva e attuale, occasione di riflessione profonda sui valori della libert\u00e0 e della democrazia riconquistate con il sacrificio&#8230;<\/p>\n","protected":false},"author":2,"featured_media":126178,"comment_status":"closed","ping_status":"open","sticky":false,"template":"","format":"standard","meta":[],"categories":[49,52],"tags":[],"_links":{"self":[{"href":"https:\/\/www.cronacaonline.it\/index.php\/wp-json\/wp\/v2\/posts\/235065"}],"collection":[{"href":"https:\/\/www.cronacaonline.it\/index.php\/wp-json\/wp\/v2\/posts"}],"about":[{"href":"https:\/\/www.cronacaonline.it\/index.php\/wp-json\/wp\/v2\/types\/post"}],"author":[{"embeddable":true,"href":"https:\/\/www.cronacaonline.it\/index.php\/wp-json\/wp\/v2\/users\/2"}],"replies":[{"embeddable":true,"href":"https:\/\/www.cronacaonline.it\/index.php\/wp-json\/wp\/v2\/comments?post=235065"}],"version-history":[{"count":1,"href":"https:\/\/www.cronacaonline.it\/index.php\/wp-json\/wp\/v2\/posts\/235065\/revisions"}],"predecessor-version":[{"id":235066,"href":"https:\/\/www.cronacaonline.it\/index.php\/wp-json\/wp\/v2\/posts\/235065\/revisions\/235066"}],"wp:featuredmedia":[{"embeddable":true,"href":"https:\/\/www.cronacaonline.it\/index.php\/wp-json\/wp\/v2\/media\/126178"}],"wp:attachment":[{"href":"https:\/\/www.cronacaonline.it\/index.php\/wp-json\/wp\/v2\/media?parent=235065"}],"wp:term":[{"taxonomy":"category","embeddable":true,"href":"https:\/\/www.cronacaonline.it\/index.php\/wp-json\/wp\/v2\/categories?post=235065"},{"taxonomy":"post_tag","embeddable":true,"href":"https:\/\/www.cronacaonline.it\/index.php\/wp-json\/wp\/v2\/tags?post=235065"}],"curies":[{"name":"wp","href":"https:\/\/api.w.org\/{rel}","templated":true}]}}