{"id":235037,"date":"2023-04-23T18:10:47","date_gmt":"2023-04-23T16:10:47","guid":{"rendered":"https:\/\/www.cronacaonline.it\/?p=235037"},"modified":"2023-04-23T18:10:51","modified_gmt":"2023-04-23T16:10:51","slug":"lega-salvini-sardegna-il-presidente-del-consiglio-regionale-della-sardegna-michele-pais-neo-coordinatore-della-lega-sardegna","status":"publish","type":"post","link":"https:\/\/www.cronacaonline.it\/index.php\/2023\/04\/23\/lega-salvini-sardegna-il-presidente-del-consiglio-regionale-della-sardegna-michele-pais-neo-coordinatore-della-lega-sardegna\/","title":{"rendered":"Lega Salvini Sardegna, Il presidente del Consiglio regionale della Sardegna Michele Pais neo coordinatore della Lega Sardegna."},"content":{"rendered":"\n<p>Cagliari, 23 aprile 2023 - Il Presidente del Consiglio Regionale della Sardegna, Michele Pais, raccoglie il testimone del deputato Dario Giagoni e guider\u00e0 la Lega in Sardegna.<br>\"Sono onorato. Ringrazio Matteo Salvini per la grande fiducia e far\u00f2 di tutto per ripagarla. In questo senso, sar\u00e0 fondamentale il lavoro di squadra, a partire dalla grande comunit\u00e0 di amministratori locali e di militanti che hanno sempre portato avanti con determinazione le idee della Lega\" - dichiara Michele Pais.<br>\"Sono fortunato perch\u00e9 posso contare su un grande leader nazionale, che da Vicepremier e Ministro sta dimostrando quanto sia decisiva la politica del fare, e su un eccezionale gruppo di donne e uomini. \u00a0Vogliamo coinvolgere un sempre maggior numero di persone che abbiano voglia, capacit\u00e0 ed entusiasmo da mettere a disposizione della nostra Sardegna. \u00a0\u00c8 stato un privilegio lavorare con Dario Giagoni negli ultimi due anni, lo ringrazio per lo sforzo che ha proferito per proteggere e promuovere i diritti di tutti i sardi e spero di poter fare altrettanto in questo ruolo\" - conclude Pais. Com<\/p>\n","protected":false},"excerpt":{"rendered":"<p>Cagliari, 23 aprile 2023 &#8211; Il Presidente del Consiglio Regionale della Sardegna, Michele Pais, raccoglie il testimone del deputato Dario Giagoni e guider\u00e0 la Lega&#8230;<\/p>\n","protected":false},"author":2,"featured_media":235038,"comment_status":"closed","ping_status":"open","sticky":false,"template":"","format":"standard","meta":[],"categories":[49,52],"tags":[],"_links":{"self":[{"href":"https:\/\/www.cronacaonline.it\/index.php\/wp-json\/wp\/v2\/posts\/235037"}],"collection":[{"href":"https:\/\/www.cronacaonline.it\/index.php\/wp-json\/wp\/v2\/posts"}],"about":[{"href":"https:\/\/www.cronacaonline.it\/index.php\/wp-json\/wp\/v2\/types\/post"}],"author":[{"embeddable":true,"href":"https:\/\/www.cronacaonline.it\/index.php\/wp-json\/wp\/v2\/users\/2"}],"replies":[{"embeddable":true,"href":"https:\/\/www.cronacaonline.it\/index.php\/wp-json\/wp\/v2\/comments?post=235037"}],"version-history":[{"count":1,"href":"https:\/\/www.cronacaonline.it\/index.php\/wp-json\/wp\/v2\/posts\/235037\/revisions"}],"predecessor-version":[{"id":235039,"href":"https:\/\/www.cronacaonline.it\/index.php\/wp-json\/wp\/v2\/posts\/235037\/revisions\/235039"}],"wp:featuredmedia":[{"embeddable":true,"href":"https:\/\/www.cronacaonline.it\/index.php\/wp-json\/wp\/v2\/media\/235038"}],"wp:attachment":[{"href":"https:\/\/www.cronacaonline.it\/index.php\/wp-json\/wp\/v2\/media?parent=235037"}],"wp:term":[{"taxonomy":"category","embeddable":true,"href":"https:\/\/www.cronacaonline.it\/index.php\/wp-json\/wp\/v2\/categories?post=235037"},{"taxonomy":"post_tag","embeddable":true,"href":"https:\/\/www.cronacaonline.it\/index.php\/wp-json\/wp\/v2\/tags?post=235037"}],"curies":[{"name":"wp","href":"https:\/\/api.w.org\/{rel}","templated":true}]}}