{"id":235003,"date":"2023-04-22T12:57:10","date_gmt":"2023-04-22T10:57:10","guid":{"rendered":"https:\/\/www.cronacaonline.it\/?p=235003"},"modified":"2023-04-22T12:57:13","modified_gmt":"2023-04-22T10:57:13","slug":"sanita-lassessore-doria-norme-in-finanziaria-legittime-la-maggior-parte-dei-rilievi-riguardano-aspetti-tecnici-su-cui-siamo-gia-al-lavoro","status":"publish","type":"post","link":"https:\/\/www.cronacaonline.it\/index.php\/2023\/04\/22\/sanita-lassessore-doria-norme-in-finanziaria-legittime-la-maggior-parte-dei-rilievi-riguardano-aspetti-tecnici-su-cui-siamo-gia-al-lavoro\/","title":{"rendered":"Sanit\u00e0, l\u2019assessore Doria: \u201cnorme in finanziaria legittime, la maggior parte dei rilievi riguardano aspetti tecnici su cui siamo gi\u00e0 al lavoro\u201d."},"content":{"rendered":"\n<p>Cagliari, 22 Apr 2023\u00a0\u2013 \u201cRitengo che i rilievi sollevati dal Governo sull\u2019ultima legge di Stabilit\u00e0 possano essere superati e siamo gi\u00e0 al lavoro in questo senso\u201d. Lo dichiara l\u2019assessore regionale della Sanit\u00e0, Carlo Doria, in merito all\u2019impugnazione da parte del Consiglio dei Ministri di alcune disposizioni in materia sanitaria contenute nella ultima Finanziaria regionale.<\/p>\n\n\n\n<p>\u201cIn riferimento alle risorse stanziate per la perequazione dei fondi contrattuali del personale delle aziende sanitarie, pari a 10 milioni di euro, indicanti al comma 14 dell\u2019articolo 5 della Finanziaria, abbiamo l\u2019esperienza della Regione Veneto che davanti alla contestazione di un provvedimento del tutto analogo al nostro ha poi avuto ragione davanti alla Corte Costituzionale, che ha riconosciuto la legittimit\u00e0 della norma. \u00c8 bene precisare, inoltre, che la Sardegna dal 2007 provvede con risorse proprie alla spesa sanitaria, un aspetto che deve essere assolutamente preso in considerazione\u201d.<\/p>\n\n\n\n<p>\u201cPer quanto riguarda invece \u2013 sottolinea l\u2019assessore Doria \u2013 lo stanziamento previsto al comma 19 dello stesso articolo, 150 mila euro nel triennio per l\u2019attivazione di corsi per Operatori socio sanitari (Oss) a titolo gratuito, stiamo provvedendo a modificare il testo in sede di collegato poich\u00e9 \u00e8 corretto che le risorse vengano gestite dall'Assessorato del Lavoro.<\/p>\n\n\n\n<p>\u201cCi lasciano pi\u00f9 sorpresi, invece, i rilievi sollevati sul comma successivo, il numero 20, che stanzia 250 mila euro l\u2019anno per il periodo 2023-2037, per il finanziamento dei ruoli docenti finalizzato all\u2019attivazione delle scuole di specializzazione nelle discipline in cui oggi pi\u00f9 che mai si registra una forte carenza di medici sul nostro territorio. Parliamo di un tipo di stanziamento che la Regione ha attuato gi\u00e0 in passato e per il quale solo ora \u00e8 stata contestata la classificazione della spesa che peraltro la Regione si \u00e8 tempestivamente impegnata a rivedere, non si arriver\u00e0 dunque alla discussione in Corte Costituzionale. Lo stesso vale per l\u2019articolo 21, che mette in campo 1,7 milioni per il Dipartimento di Veterinaria dell\u2019Universit\u00e0 di Sassari, per la formazione di veterinari nella struttura didattico-assistenziale rappresentata dall\u2019ospedale veterinario. Parliamo dell\u2019unica Facolt\u00e0 di veterinaria in Sardegna e il finanziamento \u00e8 assolutamente necessario alla formazione di figure professionali fondamentali per il nostro&nbsp;territorio\u201d. Com<\/p>\n","protected":false},"excerpt":{"rendered":"<p>Cagliari, 22 Apr 2023\u00a0\u2013 \u201cRitengo che i rilievi sollevati dal Governo sull\u2019ultima legge di Stabilit\u00e0 possano essere superati e siamo gi\u00e0 al lavoro in questo&#8230;<\/p>\n","protected":false},"author":2,"featured_media":229794,"comment_status":"closed","ping_status":"open","sticky":false,"template":"","format":"standard","meta":[],"categories":[49,52],"tags":[],"_links":{"self":[{"href":"https:\/\/www.cronacaonline.it\/index.php\/wp-json\/wp\/v2\/posts\/235003"}],"collection":[{"href":"https:\/\/www.cronacaonline.it\/index.php\/wp-json\/wp\/v2\/posts"}],"about":[{"href":"https:\/\/www.cronacaonline.it\/index.php\/wp-json\/wp\/v2\/types\/post"}],"author":[{"embeddable":true,"href":"https:\/\/www.cronacaonline.it\/index.php\/wp-json\/wp\/v2\/users\/2"}],"replies":[{"embeddable":true,"href":"https:\/\/www.cronacaonline.it\/index.php\/wp-json\/wp\/v2\/comments?post=235003"}],"version-history":[{"count":1,"href":"https:\/\/www.cronacaonline.it\/index.php\/wp-json\/wp\/v2\/posts\/235003\/revisions"}],"predecessor-version":[{"id":235004,"href":"https:\/\/www.cronacaonline.it\/index.php\/wp-json\/wp\/v2\/posts\/235003\/revisions\/235004"}],"wp:featuredmedia":[{"embeddable":true,"href":"https:\/\/www.cronacaonline.it\/index.php\/wp-json\/wp\/v2\/media\/229794"}],"wp:attachment":[{"href":"https:\/\/www.cronacaonline.it\/index.php\/wp-json\/wp\/v2\/media?parent=235003"}],"wp:term":[{"taxonomy":"category","embeddable":true,"href":"https:\/\/www.cronacaonline.it\/index.php\/wp-json\/wp\/v2\/categories?post=235003"},{"taxonomy":"post_tag","embeddable":true,"href":"https:\/\/www.cronacaonline.it\/index.php\/wp-json\/wp\/v2\/tags?post=235003"}],"curies":[{"name":"wp","href":"https:\/\/api.w.org\/{rel}","templated":true}]}}