{"id":235001,"date":"2023-04-22T12:55:06","date_gmt":"2023-04-22T10:55:06","guid":{"rendered":"https:\/\/www.cronacaonline.it\/?p=235001"},"modified":"2023-04-22T12:55:09","modified_gmt":"2023-04-22T10:55:09","slug":"cossatzu-tascusi-la-regione-stanzia-i-fondi-lassessore-saiu-convoca-un-incontro-con-i-sindaci-del-territorio","status":"publish","type":"post","link":"https:\/\/www.cronacaonline.it\/index.php\/2023\/04\/22\/cossatzu-tascusi-la-regione-stanzia-i-fondi-lassessore-saiu-convoca-un-incontro-con-i-sindaci-del-territorio\/","title":{"rendered":"Cossatzu-Tascus\u00ec, la regione stanzia i fondi. L\u2019assessore Saiu convoca un incontro con i sindaci del territorio."},"content":{"rendered":"\n<p>Cagliari, 22 Apr 2023\u00a0\u2013 La Giunta regionale della Sardegna, su proposta dell\u2019assessore regionale dei Lavori Pubblici, Pierluigi Saiu, ha approvato l\u2019assegnazione di 6,2 milioni di euro per il completamento della Cossatzu-Tascus\u00ec, la strada di collegamento tra il bivio di Aritzo (SS 295) e il passo di Tascus\u00ec (SP 7). \u201cPer il completamento dei lavori su questo tratto stradale ho preso un impegno preciso \u2013 dichiara l\u2019assessore Saiu \u2013 abbiamo lavorato per individuare le risorse necessarie e oggi, con l\u2019assegnazione ufficiale dei fondi e l\u2019individuazione del soggetto attuatore dell\u2019intervento, abbiamo compiuto un passo avanti fondamentale verso la ripresa dei lavori\u201d.<\/p>\n\n\n\n<p>Il primo passaggio risale a novembre scorso: \u201cPochi giorni dopo il mio insediamento \u2013 prosegue l\u2019assessore regionale dei Lavori Pubblici \u2013 ho incontrato l\u2019amministratore straordinario della Provincia per fare il punto sulla situazione della Cossatzu-Tascus\u00ec. In quella circostanza le risorse necessarie al completamento dell\u2019intervento sono state quantificate in 6 milioni e duecentomila euro, richiesta poi formalizzata con nota ufficiale trasmessa dalla Provincia di Nuoro agli uffici dell\u2019assessorato. Da quel momento abbiamo iniziato una ricognizione delle risorse disponibili e individuato una quota eccedente e non ancora impegnata della dotazione finanziaria di cui alla legge regionale 40 del 2018. Risorse nuove quindi, che prima non c\u2019erano. Fino al mio arrivo, infatti, non erano previsti programmi di spesa sulla Cossatzu-Tascus\u00ec. In Commissione del Consiglio regionale, l\u20198 marzo scorso, ho avuto poi modo di relazionare nel dettaglio il lavoro portato avanti. In quella occasione, infatti, ho reso noto il reperimento delle nuove risorse da parte dell\u2019assessorato\u201d.<\/p>\n\n\n\n<p>\u201cGrazie alla collaborazione dell\u2019assessore al Bilancio, Giuseppe Fasolino \u2013 dichiara ancora l\u2019esponente della giunta sarda \u2013 \u00e8 stato possibile procedere alla rimodulazione delle risorse e alla loro assegnazione al nuovo soggetto attuatore dell\u2019intervento. In accordo con la provincia di Nuoro, infatti, abbiamo deciso che sar\u00e0 la societ\u00e0 Opere e Infrastrutture della Sardegna (OIS), societ\u00e0 in house della Regione, a seguire l\u2019opera\u201d.<\/p>\n\n\n\n<p>\u201cIl territorio attendeva da tempo una svolta sulla Cossatzu-Tascus\u00ec \u2013 conclude l\u2019assessore Saiu \u2013&nbsp;L\u2019opera ha avuto una storia molto travagliata e dopo la sospensione dei lavori, nel 2014, questi non sono pi\u00f9 ripresi. La Provincia, con una parte di fondi ancora in cassa ha avviato dei piccoli interventi, ma oggi ci sono nuove risorse regionali e un nuovo soggetto attuatore per il completamento dell\u2019opera. \u00c8 mia intenzione convocare un incontro con i sindaci del territorio per discutere insieme i prossimi passaggi. Mi piacerebbe avere un confronto costruttivo anche con chi, forse pi\u00f9 interessato alla polemica politica che alla difesa dell\u2019interesse delle comunit\u00e0, ha espresso posizioni dannose soprattutto per i cittadini del territorio. Ci sono grandi criticit\u00e0 sulla viabilit\u00e0 provinciale in tutta la Sardegna e aver destinato queste risorse alla Cossatzu Tascus\u00ec \u00e8 una scelta che va guardata anche tenendo conto del contesto generale. Credo che se vogliamo affrontare i tanti problemi che dobbiamo risolvere, occorra trovare il modo di lavorare insieme, pensando esclusivamente al bene delle comunit\u00e0. Abbiamo il dovere di rispondere alle esigenze dei cittadini con atti concreti, cos\u00ec come stiamo facendo per la Cossatzu-Tascus\u00ec. Com<\/p>\n","protected":false},"excerpt":{"rendered":"<p>Cagliari, 22 Apr 2023\u00a0\u2013 La Giunta regionale della Sardegna, su proposta dell\u2019assessore regionale dei Lavori Pubblici, Pierluigi Saiu, ha approvato l\u2019assegnazione di 6,2 milioni di&#8230;<\/p>\n","protected":false},"author":2,"featured_media":233219,"comment_status":"closed","ping_status":"open","sticky":false,"template":"","format":"standard","meta":[],"categories":[49,52],"tags":[],"_links":{"self":[{"href":"https:\/\/www.cronacaonline.it\/index.php\/wp-json\/wp\/v2\/posts\/235001"}],"collection":[{"href":"https:\/\/www.cronacaonline.it\/index.php\/wp-json\/wp\/v2\/posts"}],"about":[{"href":"https:\/\/www.cronacaonline.it\/index.php\/wp-json\/wp\/v2\/types\/post"}],"author":[{"embeddable":true,"href":"https:\/\/www.cronacaonline.it\/index.php\/wp-json\/wp\/v2\/users\/2"}],"replies":[{"embeddable":true,"href":"https:\/\/www.cronacaonline.it\/index.php\/wp-json\/wp\/v2\/comments?post=235001"}],"version-history":[{"count":1,"href":"https:\/\/www.cronacaonline.it\/index.php\/wp-json\/wp\/v2\/posts\/235001\/revisions"}],"predecessor-version":[{"id":235002,"href":"https:\/\/www.cronacaonline.it\/index.php\/wp-json\/wp\/v2\/posts\/235001\/revisions\/235002"}],"wp:featuredmedia":[{"embeddable":true,"href":"https:\/\/www.cronacaonline.it\/index.php\/wp-json\/wp\/v2\/media\/233219"}],"wp:attachment":[{"href":"https:\/\/www.cronacaonline.it\/index.php\/wp-json\/wp\/v2\/media?parent=235001"}],"wp:term":[{"taxonomy":"category","embeddable":true,"href":"https:\/\/www.cronacaonline.it\/index.php\/wp-json\/wp\/v2\/categories?post=235001"},{"taxonomy":"post_tag","embeddable":true,"href":"https:\/\/www.cronacaonline.it\/index.php\/wp-json\/wp\/v2\/tags?post=235001"}],"curies":[{"name":"wp","href":"https:\/\/api.w.org\/{rel}","templated":true}]}}