{"id":234997,"date":"2023-04-22T11:23:46","date_gmt":"2023-04-22T09:23:46","guid":{"rendered":"https:\/\/www.cronacaonline.it\/?p=234997"},"modified":"2023-04-22T11:23:49","modified_gmt":"2023-04-22T09:23:49","slug":"enti-locali-assessore-salaris-la-regione-sardegna-interviene-nelle-situazioni-di-sofferenza-economica","status":"publish","type":"post","link":"https:\/\/www.cronacaonline.it\/index.php\/2023\/04\/22\/enti-locali-assessore-salaris-la-regione-sardegna-interviene-nelle-situazioni-di-sofferenza-economica\/","title":{"rendered":"Enti locali, Assessore Salaris: la Regione Sardegna interviene nelle situazioni di sofferenza economica."},"content":{"rendered":"\n<p>Cagliari, 22 Apr 2023 \u2013\u00a0La Regione va in soccorso degli Enti locali che presentano una situazione finanziaria compromessa e che quindi, trovandosi in sofferenza economica, possono non essere in grado di continuare a garantire i servizi al cittadino e offrire quelle opportunit\u00e0 di crescita e sviluppo di cui i territori necessitano. \u00c8 stato appena pubblicato l\u2019avviso che consente di usufruire delle risorse messe a disposizione con il Fondo istituito proprio con questa finalit\u00e0, che per ciascuno degli anni 2022, 2023 e 2024 ha una dotazione di 25 milioni di euro.<\/p>\n\n\n\n<p>\u201cIl nostro impegno, in un momento nel quale gli Enti locali hanno pi\u00f9 bisogno di attenzione e sostegno, \u00e8 evidente e certificato dalle azioni che questa Giunta sta portando avanti \u2013 spiega il Presidente della Regione Sardegna \u2013 Mettere in campo strumenti utili ad arginare la crisi e dare corpo a misure e provvedimenti in grado di alleviare lo stress finanziario a cui i Comuni sono sottoposti \u00e8 il modo migliore per dare le risposte che i cittadini sardi aspettano, in linea con quanto fino a oggi portato avanti in favore della vivibilit\u00e0, fruibilit\u00e0, attrattivit\u00e0 dei territori\u201d, ha concluso il Presidente.<\/p>\n\n\n\n<p>Due gli obiettivi del fondo da 25 milioni, spiega l\u2019Assessore degli Enti locali e Urbanistica, Aldo Salaris, entrando nello specifico della misura: \u201cFinanziare gli Enti locali che presentano una situazione finanziaria compromessa per l\u2019onere, costituito anche dal debito residuo di mutui gi\u00e0 contratti, legato a procedure espropriative relative a sentenze esecutive, arbitrati o transazioni giudiziali o extragiudiziali e assicurare la salvaguardia degli equilibri di bilancio\u201d. Per l\u2019esponente della Giunta sarda, \u201caiutare gli Enti locali a superare le difficolt\u00e0 anche di carattere economico, e proseguire lungo la strada del conseguimento di una maggiore efficienza delle loro funzioni e, di riflesso, dei servizi ai cittadini sardi resta un obiettivo primario.&nbsp; Siamo al lavoro - ha concluso l\u2019Assessore Salaris - per assicurare a ogni cittadino sardo qualit\u00e0, efficienza dell\u2019azione amministrativa e servizi\u201d.<\/p>\n\n\n\n<p>Sono stati anche definiti i criteri di riparto dello stanziamento. Per quanto riguarda la prima linea d'intervento (Enti locali che presentano una situazione finanziaria compromessa) \u00e8 previsto il riparto di 8 milioni di euro.<\/p>\n\n\n\n<p>Per quanto riguarda invece la seconda linea di intervento (assicurare la salvaguardia degli equilibri di bilancio) \u00e8 previsto il riparto di 17 milioni di euro: 5 milioni in favore delle Province e Citt\u00e0 Metropolitana di Cagliari (una quota pari al 40% in parti uguali; una quota pari il 60% su base demografica). Sei milioni di euro verranno destinati prioritariamente a quei Comuni che versano nelle condizioni pi\u00f9 critiche. Com<\/p>\n","protected":false},"excerpt":{"rendered":"<p>Cagliari, 22 Apr 2023 \u2013\u00a0La Regione va in soccorso degli Enti locali che presentano una situazione finanziaria compromessa e che quindi, trovandosi in sofferenza economica,&#8230;<\/p>\n","protected":false},"author":2,"featured_media":228432,"comment_status":"closed","ping_status":"open","sticky":false,"template":"","format":"standard","meta":[],"categories":[49,52],"tags":[],"_links":{"self":[{"href":"https:\/\/www.cronacaonline.it\/index.php\/wp-json\/wp\/v2\/posts\/234997"}],"collection":[{"href":"https:\/\/www.cronacaonline.it\/index.php\/wp-json\/wp\/v2\/posts"}],"about":[{"href":"https:\/\/www.cronacaonline.it\/index.php\/wp-json\/wp\/v2\/types\/post"}],"author":[{"embeddable":true,"href":"https:\/\/www.cronacaonline.it\/index.php\/wp-json\/wp\/v2\/users\/2"}],"replies":[{"embeddable":true,"href":"https:\/\/www.cronacaonline.it\/index.php\/wp-json\/wp\/v2\/comments?post=234997"}],"version-history":[{"count":1,"href":"https:\/\/www.cronacaonline.it\/index.php\/wp-json\/wp\/v2\/posts\/234997\/revisions"}],"predecessor-version":[{"id":234998,"href":"https:\/\/www.cronacaonline.it\/index.php\/wp-json\/wp\/v2\/posts\/234997\/revisions\/234998"}],"wp:featuredmedia":[{"embeddable":true,"href":"https:\/\/www.cronacaonline.it\/index.php\/wp-json\/wp\/v2\/media\/228432"}],"wp:attachment":[{"href":"https:\/\/www.cronacaonline.it\/index.php\/wp-json\/wp\/v2\/media?parent=234997"}],"wp:term":[{"taxonomy":"category","embeddable":true,"href":"https:\/\/www.cronacaonline.it\/index.php\/wp-json\/wp\/v2\/categories?post=234997"},{"taxonomy":"post_tag","embeddable":true,"href":"https:\/\/www.cronacaonline.it\/index.php\/wp-json\/wp\/v2\/tags?post=234997"}],"curies":[{"name":"wp","href":"https:\/\/api.w.org\/{rel}","templated":true}]}}