{"id":234962,"date":"2023-04-21T16:10:21","date_gmt":"2023-04-21T14:10:21","guid":{"rendered":"https:\/\/www.cronacaonline.it\/?p=234962"},"modified":"2023-04-21T16:10:23","modified_gmt":"2023-04-21T14:10:23","slug":"fiera-nautica-assessori-chessa-e-fasolino-importante-occasione-di-promozione-di-un-settore-strategico-della-filiera-del-turismo-isolano","status":"publish","type":"post","link":"https:\/\/www.cronacaonline.it\/index.php\/2023\/04\/21\/fiera-nautica-assessori-chessa-e-fasolino-importante-occasione-di-promozione-di-un-settore-strategico-della-filiera-del-turismo-isolano\/","title":{"rendered":"Fiera nautica, assessori Chessa e Fasolino: \u2018importante occasione di promozione di un settore strategico della filiera del turismo isolano\u2019."},"content":{"rendered":"\n<p>Porto Rotondo (SS), 21 Apr 2023 \u2013\u00a0\"La prima edizione della Fiera, organizzata nel porto turistico di Olbia, aveva registrato migliaia di presenze, anche quest\u2019anno ci aspettiamo un consistente numero di visitatori a conferma dell\u2019attenzione che questo settore riveste in Sardegna tra operatori e appassionati. Una fondamentale occasione di promozione della nautica in Sardegna, settore strategico e di prestigio della filiera del turismo isolano. Perci\u00f2, la Regione ha deciso di investire creando un evento fieristico dedicato\u201d. Lo ha detto l'assessore regionale del Turismo, Gianni Chessa, in occasione dell\u2019inaugurazione della seconda edizione della \"Fiera Nautica di Sardegna\", organizzata dal Cipnes Gallura (Consorzio industriale provinciale nord est) e dal Comune di Olbia, con la collaborazione dell\u2019Assessorato regionale del Turismo e il patrocinio di Confindustria Nautica, che, da oggi fino al 25 aprile, si svolge nella Marina di Porto Rotondo. La manifestazione fa parte del progetto \"Sardinia discovery journey\", inserito nel pi\u00f9 ampio programma di marketing regionale \u201cInsula - Sardinia quality world\u201d.<\/p>\n\n\n\n<p>\"Un settore in continua espansione con importanti ricadute anche sotto il profilo occupazionale \u2013 ha aggiunto l'assessore Chessa \u2013 Per la Sardegna l\u2019economia legata al mare rappresenta un bacino di grandi prospettive e questo evento fieristico contribuisce a generare un\u2019adeguata promozione, proponendo la Sardegna come destinazione ambita. L'obiettivo \u00e8 trasformarla in un polo nautico d'eccezione nel Mediterraneo. Dobbiamo consolidare la nostra offerta turistica per affermarci definitivamente come meta di riferimento dei flussi nazionali e internazionali. La Gallura \u00e8 ovviamente la sede ideale per questa iniziativa, ma non escludiamo di creare altre occasioni di promozione della nautica in altre zone dell'Isola\u201d.<\/p>\n\n\n\n<p>Durante l\u2019evento saranno in vetrina sia la cantieristica navale che la portualit\u00e0 turistica, si parler\u00e0 di gestione dei porti turistici, costruzione di yacht, albergo nautico, innovazione ed ecosostenibilit\u00e0. Oltre ai dibattiti, ampio spazio ad arte, moda, sport e spettacolo.<\/p>\n\n\n\n<p>\"La Regione crede nell'importanza dell'economia legata al mare \u2013 ha ricordato l'assessore regionale del Bilancio, Giuseppe Fasolino, che ha partecipato al taglio del nastro inaugurale della Fiera \u2013 La nautica, in particolare per la Gallura, rappresenta un settore trainante, con importanti ricadute occupazionali, perci\u00f2 dobbiamo consolidare un modello da esportare ovunque\".&nbsp;Com<\/p>\n","protected":false},"excerpt":{"rendered":"<p>Porto Rotondo (SS), 21 Apr 2023 \u2013\u00a0&#8220;La prima edizione della Fiera, organizzata nel porto turistico di Olbia, aveva registrato migliaia di presenze, anche quest\u2019anno ci&#8230;<\/p>\n","protected":false},"author":2,"featured_media":234963,"comment_status":"closed","ping_status":"open","sticky":false,"template":"","format":"standard","meta":[],"categories":[49,52],"tags":[],"_links":{"self":[{"href":"https:\/\/www.cronacaonline.it\/index.php\/wp-json\/wp\/v2\/posts\/234962"}],"collection":[{"href":"https:\/\/www.cronacaonline.it\/index.php\/wp-json\/wp\/v2\/posts"}],"about":[{"href":"https:\/\/www.cronacaonline.it\/index.php\/wp-json\/wp\/v2\/types\/post"}],"author":[{"embeddable":true,"href":"https:\/\/www.cronacaonline.it\/index.php\/wp-json\/wp\/v2\/users\/2"}],"replies":[{"embeddable":true,"href":"https:\/\/www.cronacaonline.it\/index.php\/wp-json\/wp\/v2\/comments?post=234962"}],"version-history":[{"count":1,"href":"https:\/\/www.cronacaonline.it\/index.php\/wp-json\/wp\/v2\/posts\/234962\/revisions"}],"predecessor-version":[{"id":234964,"href":"https:\/\/www.cronacaonline.it\/index.php\/wp-json\/wp\/v2\/posts\/234962\/revisions\/234964"}],"wp:featuredmedia":[{"embeddable":true,"href":"https:\/\/www.cronacaonline.it\/index.php\/wp-json\/wp\/v2\/media\/234963"}],"wp:attachment":[{"href":"https:\/\/www.cronacaonline.it\/index.php\/wp-json\/wp\/v2\/media?parent=234962"}],"wp:term":[{"taxonomy":"category","embeddable":true,"href":"https:\/\/www.cronacaonline.it\/index.php\/wp-json\/wp\/v2\/categories?post=234962"},{"taxonomy":"post_tag","embeddable":true,"href":"https:\/\/www.cronacaonline.it\/index.php\/wp-json\/wp\/v2\/tags?post=234962"}],"curies":[{"name":"wp","href":"https:\/\/api.w.org\/{rel}","templated":true}]}}