{"id":234937,"date":"2023-04-21T11:20:58","date_gmt":"2023-04-21T09:20:58","guid":{"rendered":"https:\/\/www.cronacaonline.it\/?p=234937"},"modified":"2023-04-21T11:21:00","modified_gmt":"2023-04-21T09:21:00","slug":"liste-dattesa-sanita-carla-cuccu-idea-sardegna-continua-la-piaga-in-sardegna","status":"publish","type":"post","link":"https:\/\/www.cronacaonline.it\/index.php\/2023\/04\/21\/liste-dattesa-sanita-carla-cuccu-idea-sardegna-continua-la-piaga-in-sardegna\/","title":{"rendered":"Liste d\u2019attesa sanit\u00e0: Carla Cuccu (Idea Sardegna) \u2018continua la piaga in Sardegna\u2019."},"content":{"rendered":"\n<p>Cagliari, 21 Apr 2023 \u2013 \u201c\u00c8 notizia ormai da anni, ma ancora non c\u2019\u00e8 una soluzione. Faccio riferimento alle lunghissime liste d\u2019attesa che sono presenti nella sanit\u00e0 pubblica della nostra isola\u201d.<\/p>\n\n\n\n<p>\u201cNel 2021, con l\u2019emergenza Covid, l\u2019ex ministro Speranza aveva stanziato circa 500 milioni di euro per la sanit\u00e0 delle Regioni, proprio per diminuire le liste d\u2019attesa. \u00c8 notizia certa che la Regione Sardegna abbia investito solamente l\u20191,7% delle proprie risorse per migliorare la situazione delle liste d\u2019attesa negli ospedali. Una vera e propria follia\u201d.<\/p>\n\n\n\n<p>Il problema si ripercuote ovviamente sulle visite specialistiche, ma incide tantissimo sulla prevenzione, che avendo tempistiche di questo genere, risulta ormai inesistente ed inefficace.<\/p>\n\n\n\n<p>\u201cIn Italia ormai \u00e8 netto ed evidente un dato, quasi nella totalit\u00e0 dei casi nessuna Regione \u00e8 stata in grado di avere numeri e prestazioni sanitarie che venivano svolte in epoca pre Covid\u201d.<\/p>\n\n\n\n<p>\u201cC\u2019\u00e8 quindi da occuparsi urgentemente di questa situazione, la nostra isola ed i suoi ospedali meritano investimenti e organizzazione per tornare a livelli di eccellenza di un tempo. Mi impegner\u00f2 personalmente, in sede di Consiglio e in quanto segretaria della Commissione Sanit\u00e0, per ottenere risposte dalla giunta attuale\u201d. Com<\/p>\n","protected":false},"excerpt":{"rendered":"<p>Cagliari, 21 Apr 2023 \u2013 \u201c\u00c8 notizia ormai da anni, ma ancora non c\u2019\u00e8 una soluzione. Faccio riferimento alle lunghissime liste d\u2019attesa che sono presenti&#8230;<\/p>\n","protected":false},"author":2,"featured_media":233830,"comment_status":"closed","ping_status":"open","sticky":false,"template":"","format":"standard","meta":[],"categories":[49,52],"tags":[],"_links":{"self":[{"href":"https:\/\/www.cronacaonline.it\/index.php\/wp-json\/wp\/v2\/posts\/234937"}],"collection":[{"href":"https:\/\/www.cronacaonline.it\/index.php\/wp-json\/wp\/v2\/posts"}],"about":[{"href":"https:\/\/www.cronacaonline.it\/index.php\/wp-json\/wp\/v2\/types\/post"}],"author":[{"embeddable":true,"href":"https:\/\/www.cronacaonline.it\/index.php\/wp-json\/wp\/v2\/users\/2"}],"replies":[{"embeddable":true,"href":"https:\/\/www.cronacaonline.it\/index.php\/wp-json\/wp\/v2\/comments?post=234937"}],"version-history":[{"count":1,"href":"https:\/\/www.cronacaonline.it\/index.php\/wp-json\/wp\/v2\/posts\/234937\/revisions"}],"predecessor-version":[{"id":234938,"href":"https:\/\/www.cronacaonline.it\/index.php\/wp-json\/wp\/v2\/posts\/234937\/revisions\/234938"}],"wp:featuredmedia":[{"embeddable":true,"href":"https:\/\/www.cronacaonline.it\/index.php\/wp-json\/wp\/v2\/media\/233830"}],"wp:attachment":[{"href":"https:\/\/www.cronacaonline.it\/index.php\/wp-json\/wp\/v2\/media?parent=234937"}],"wp:term":[{"taxonomy":"category","embeddable":true,"href":"https:\/\/www.cronacaonline.it\/index.php\/wp-json\/wp\/v2\/categories?post=234937"},{"taxonomy":"post_tag","embeddable":true,"href":"https:\/\/www.cronacaonline.it\/index.php\/wp-json\/wp\/v2\/tags?post=234937"}],"curies":[{"name":"wp","href":"https:\/\/api.w.org\/{rel}","templated":true}]}}