{"id":234911,"date":"2023-04-20T17:08:00","date_gmt":"2023-04-20T15:08:00","guid":{"rendered":"https:\/\/www.cronacaonline.it\/?p=234911"},"modified":"2023-04-20T17:08:03","modified_gmt":"2023-04-20T15:08:03","slug":"ambiente-assessore-porcu-la-regione-sardegna-esprime-parere-negativo-sugli-impianti-eolici-di-san-basilio-e-luogosanto","status":"publish","type":"post","link":"https:\/\/www.cronacaonline.it\/index.php\/2023\/04\/20\/ambiente-assessore-porcu-la-regione-sardegna-esprime-parere-negativo-sugli-impianti-eolici-di-san-basilio-e-luogosanto\/","title":{"rendered":"Ambiente &#8211; Assessore Porcu: la Regione Sardegna esprime parere negativo sugli impianti eolici di San Basilio e Luogosanto."},"content":{"rendered":"\n<p>Cagliari, 20 Apr 2023\u00a0\u2013 \u201cDopo l\u2019incontro della scorsa settimana a Barumini, questa di Isili \u00e8 un\u2019altra occasione pubblica per manifestare il dissenso sull\u2019installazione di alcuni impianti eolici nei territori che hanno convocato questa assemblea, dove, infatti, sono stati depositati una ventina di progetti. Seppure siano in gran parte di competenza della Commissione di valutazione nazionale, comunque necessitano di un parere obbligatorio della Regione, anche se non vincolante\u201d.\u00a0Lo ha detto l\u2019assessore regionale della Difesa dell\u2019ambiente, Marco Porcu, questa mattina ad Isili nella riunione organizzata dai sindaci della Comunit\u00e0 montana Sarcidano - Barbagia di Seulo e delle Unioni dei Comuni della Trexenta e della Marmilla.<\/p>\n\n\n\n<p>\u201cL\u2019Amministrazione regionale \u2013 ha aggiunto l\u2019assessore Porcu \u2013 \u00e8 convinta che qualsiasi processo di pianificazione sulla dislocazione degli impianti di produzione di energia da fonte rinnovabile debba partire dal basso, tenendo conto delle istanze e delle peculiarit\u00e0 dei territori interessati. Perci\u00f2, per ogni istanza presentata, il competente Servizio dell\u2019Assessorato verifica il puntuale coinvolgimento delle Amministrazioni locali, anche nelle procedure di competenza statale.&nbsp;Che l\u2019Amministrazione regionale sia fortemente sensibile alla tutela del patrimonio archeologico, storico e paesaggistico della Sardegna lo dimostra anche il parere negativo fornito sull\u2019installazione ipotizzata vicino al complesso \u2018Su Nuraxi\u2019 di Barumini, unico sito Unesco attualmente presente in Sardegna\u201d.<\/p>\n\n\n\n<p>Sempre oggi, la Giunta regionale ha approvato due delibere che, sulla base delle istruttorie svolte dagli uffici del Servizio Via dell\u2019Assessorato, esprimono parere negativo sulla compatibilit\u00e0 ambientale di due impianti eolici nei Comuni di San Basilio e di Luogosanto: \u201cRitengo giusto che la Sardegna sia chiamata a fare la sua parte nel programma di transizione energetica nazionale, nell\u2019interesse complessivo della Nazione, ma questa attivit\u00e0 non pu\u00f2 prescindere dalla concertazione territoriale, anche al fine di preservare, quanto pi\u00f9 possibile, il territorio che, nella nostra Isola, pu\u00f2 e deve essere destinato preliminarmente allo sviluppo agricolo, pastorale e turistico\u201d, ha concluso l\u2019Assessore dell\u2019Ambiente. Com<\/p>\n","protected":false},"excerpt":{"rendered":"<p>Cagliari, 20 Apr 2023\u00a0\u2013 \u201cDopo l\u2019incontro della scorsa settimana a Barumini, questa di Isili \u00e8 un\u2019altra occasione pubblica per manifestare il dissenso sull\u2019installazione di alcuni&#8230;<\/p>\n","protected":false},"author":2,"featured_media":234804,"comment_status":"closed","ping_status":"open","sticky":false,"template":"","format":"standard","meta":[],"categories":[49,52],"tags":[],"_links":{"self":[{"href":"https:\/\/www.cronacaonline.it\/index.php\/wp-json\/wp\/v2\/posts\/234911"}],"collection":[{"href":"https:\/\/www.cronacaonline.it\/index.php\/wp-json\/wp\/v2\/posts"}],"about":[{"href":"https:\/\/www.cronacaonline.it\/index.php\/wp-json\/wp\/v2\/types\/post"}],"author":[{"embeddable":true,"href":"https:\/\/www.cronacaonline.it\/index.php\/wp-json\/wp\/v2\/users\/2"}],"replies":[{"embeddable":true,"href":"https:\/\/www.cronacaonline.it\/index.php\/wp-json\/wp\/v2\/comments?post=234911"}],"version-history":[{"count":1,"href":"https:\/\/www.cronacaonline.it\/index.php\/wp-json\/wp\/v2\/posts\/234911\/revisions"}],"predecessor-version":[{"id":234912,"href":"https:\/\/www.cronacaonline.it\/index.php\/wp-json\/wp\/v2\/posts\/234911\/revisions\/234912"}],"wp:featuredmedia":[{"embeddable":true,"href":"https:\/\/www.cronacaonline.it\/index.php\/wp-json\/wp\/v2\/media\/234804"}],"wp:attachment":[{"href":"https:\/\/www.cronacaonline.it\/index.php\/wp-json\/wp\/v2\/media?parent=234911"}],"wp:term":[{"taxonomy":"category","embeddable":true,"href":"https:\/\/www.cronacaonline.it\/index.php\/wp-json\/wp\/v2\/categories?post=234911"},{"taxonomy":"post_tag","embeddable":true,"href":"https:\/\/www.cronacaonline.it\/index.php\/wp-json\/wp\/v2\/tags?post=234911"}],"curies":[{"name":"wp","href":"https:\/\/api.w.org\/{rel}","templated":true}]}}