{"id":234868,"date":"2023-04-19T20:18:12","date_gmt":"2023-04-19T18:18:12","guid":{"rendered":"https:\/\/www.cronacaonline.it\/?p=234868"},"modified":"2023-04-19T20:18:14","modified_gmt":"2023-04-19T18:18:14","slug":"consiglio-sardegna-commissione-lavoro-via-libera-ai-pareri-su-attivita-contro-bullismo-e-cyber-bullismo-promozione-della-lingua-dei-segni-e-programma-di-sa-die-de-sa-sardigna","status":"publish","type":"post","link":"https:\/\/www.cronacaonline.it\/index.php\/2023\/04\/19\/consiglio-sardegna-commissione-lavoro-via-libera-ai-pareri-su-attivita-contro-bullismo-e-cyber-bullismo-promozione-della-lingua-dei-segni-e-programma-di-sa-die-de-sa-sardigna\/","title":{"rendered":"Consiglio Sardegna &#8211; Commissione Lavoro, via libera ai pareri su attivit\u00e0 contro bullismo e cyber bullismo, promozione della lingua dei segni e programma di Sa Die de sa Sardigna."},"content":{"rendered":"\n<p>Cagliari, 19 Apr 2023 - La commissione Lavoro ha espresso parere favorevole, a maggioranza, al P\/241 \u201cProgrammazione delle risorse destinate alle Autonomie scolastiche per la promozione della lingua dei segni italiana (LIS) e della lingua dei segni italiana tattile. Art. 2, comma 1, legge regionale 4 novembre 2022, n. 20 \u2013 Disposizioni per la promozione della lingua dei segni italiana (LIS) e della lingua dei segni italiana tattile (LIST) e di ogni altro mezzo finalizzato all'abbattimento delle barriere alla comunicazione)\u201d, al P\/242 \u201cProgrammazione delle risorse destinate alle Autonomie scolastiche per iniziative contro il bullismo e il cyberbullismo - articoli 5 e 10 comma 1, legge regionale 4 novembre 2022, n. 18. Approvazione preliminare\u201d e al P\/246 \u201cSa die de sa Sardinia 2023. Legge regionale 14 settembre 1993, n. 44\u201d. Il via libera \u00e8 arrivato dopo l\u2019illustrazione delle delibere da parte dell\u2019assessore regionale della Cultura.<\/p>\n\n\n\n<p>P\/241 - Lingua dei segni e tattile. Per promuovere la lingua dei segni (Lis) e la lingua dei segni tattile (List) e di ogni altro mezzo finalizzato all\u2019abbattimento delle barriere di comunicazione sono state programmate le risorse destinate alle Autonomie scolastiche: 400mila euro per il 2023 e altrettanti per il 2024. I fondi saranno cos\u00ec suddivisi: 150mila per le scuole primarie, 150mila per le scuole secondarie di primo grado e 100mila per le scuole secondarie di secondo grado. Ogni progetto potr\u00e0 ottenere un finanziamento massimo di 15mila euro e sar\u00e0 valutato in base alla qualit\u00e0 del gruppo di lavoro coinvolto, le modalit\u00e0 organizzative dei servizi di assistenza e interpretariato, la tipologia e le modalit\u00e0 di utilizzo degli ausili previsti, l\u2019efficacia delle attivit\u00e0 di sensibilizzazione e di formazione. La minoranza ha definito assolutamente insufficienti le risorse programmate e ha chiesto all\u2019assessore di prevedere stanziamenti aggiuntivi. L\u2019esponente della Giunta si \u00e8 detto d\u2019accordo a incrementare il fondo nel caso in cui siano stanziate ulteriori risorse.<\/p>\n\n\n\n<p>P\/242 \u2013Attivit\u00e0 contro il bullismo e il Cyberbullismo. Ammontano a 150mila euro le risorse annuali programmate dall\u2019assessorato della Pubblica istruzione per il triennio 2023-2025 per contrastare l\u2019allarmante fenomeno del bullismo e del cyber bullismo. Le risorse saranno destinate alle autonomie scolastiche per l\u2019istituzione di sportelli di ascolto, che otterranno un finanziamento massimo di 4mila euro. I fondi saranno cos\u00ec suddivisi: 76mila euro per le scuole primarie di primo grado e 74mila euro per le scuole secondarie di secondo grado. Per la minoranza i fondi sono insufficienti per contrastare il bullismo e il cyber bullismo e ha chiesto, oltre a una maggiore dotazione finanziaria, anche di prevedere una campagna di sensibilizzazione e di informazione. L\u2019assessore si \u00e8 detto disponibile a destinare a una campagna di informazione una parte dei 150mila euro riservati alle politiche giovanili, non ancora programmati.<\/p>\n\n\n\n<p>P\/ 246. Programma \u201cSa die de sa Sardigna 2023\u201d. Il Parlamentino ha dato parere favorevole, a maggioranza, alla delibera 14\/20 del 13 aprile scorso, che apporta due modifiche al programma per le celebrazioni di Sa Die de sa Sardigna. In particolare il testo prevede che le manifestazioni del 30 aprile a Oristano vengano posticipate a giugno e che, relativamente agli eventi previsti a Cagliari, la gestione delle rievocazioni storiche del 30 aprile venga affidata alla Fondazione Sardegna Film Commission, con un importo di spesa di 190mila euro, mentre gli eventi del 28 e il 29 aprile saranno gestiti dal Comune di Cagliari con un finanziamento di 70mila euro, per complessivi 260mila euro. Critica la minoranza sia sulla scelta delle localit\u00e0 interessate alle celebrazioni, sia sulla divisione delle risorse, ma anche sul mancato coinvolgimento delle scuole. L\u2019assessore a domanda diretta dell\u2019opposizione ha chiarito che il programma gli \u00e8 stato sottoposto dal presidente della Giunta e che lui lo ha condiviso, ma ha anche aggiunto che proporr\u00e0 alla Fondazione Film Commission di non spendere tutte le risorse assegnate, in modo da poter destinare risorse ai progetti delle scuole. Com<\/p>\n","protected":false},"excerpt":{"rendered":"<p>Cagliari, 19 Apr 2023 &#8211; La commissione Lavoro ha espresso parere favorevole, a maggioranza, al P\/241 \u201cProgrammazione delle risorse destinate alle Autonomie scolastiche per la&#8230;<\/p>\n","protected":false},"author":2,"featured_media":192512,"comment_status":"closed","ping_status":"open","sticky":false,"template":"","format":"standard","meta":[],"categories":[49,52],"tags":[],"_links":{"self":[{"href":"https:\/\/www.cronacaonline.it\/index.php\/wp-json\/wp\/v2\/posts\/234868"}],"collection":[{"href":"https:\/\/www.cronacaonline.it\/index.php\/wp-json\/wp\/v2\/posts"}],"about":[{"href":"https:\/\/www.cronacaonline.it\/index.php\/wp-json\/wp\/v2\/types\/post"}],"author":[{"embeddable":true,"href":"https:\/\/www.cronacaonline.it\/index.php\/wp-json\/wp\/v2\/users\/2"}],"replies":[{"embeddable":true,"href":"https:\/\/www.cronacaonline.it\/index.php\/wp-json\/wp\/v2\/comments?post=234868"}],"version-history":[{"count":1,"href":"https:\/\/www.cronacaonline.it\/index.php\/wp-json\/wp\/v2\/posts\/234868\/revisions"}],"predecessor-version":[{"id":234869,"href":"https:\/\/www.cronacaonline.it\/index.php\/wp-json\/wp\/v2\/posts\/234868\/revisions\/234869"}],"wp:featuredmedia":[{"embeddable":true,"href":"https:\/\/www.cronacaonline.it\/index.php\/wp-json\/wp\/v2\/media\/192512"}],"wp:attachment":[{"href":"https:\/\/www.cronacaonline.it\/index.php\/wp-json\/wp\/v2\/media?parent=234868"}],"wp:term":[{"taxonomy":"category","embeddable":true,"href":"https:\/\/www.cronacaonline.it\/index.php\/wp-json\/wp\/v2\/categories?post=234868"},{"taxonomy":"post_tag","embeddable":true,"href":"https:\/\/www.cronacaonline.it\/index.php\/wp-json\/wp\/v2\/tags?post=234868"}],"curies":[{"name":"wp","href":"https:\/\/api.w.org\/{rel}","templated":true}]}}