{"id":234848,"date":"2023-04-19T14:50:18","date_gmt":"2023-04-19T12:50:18","guid":{"rendered":"https:\/\/www.cronacaonline.it\/?p=234848"},"modified":"2023-04-19T14:50:21","modified_gmt":"2023-04-19T12:50:21","slug":"sicurezza-della-viabilita-nelloristanese-lassessore-saiu-incontra-i-sindaci-confronto-indispensabile-per-dare-al-territorio-risposte-nei-tempi-piu-rapidi","status":"publish","type":"post","link":"https:\/\/www.cronacaonline.it\/index.php\/2023\/04\/19\/sicurezza-della-viabilita-nelloristanese-lassessore-saiu-incontra-i-sindaci-confronto-indispensabile-per-dare-al-territorio-risposte-nei-tempi-piu-rapidi\/","title":{"rendered":"Sicurezza della viabilit\u00e0 nell\u2019oristanese, l\u2019assessore Saiu incontra i sindaci: \u201cconfronto indispensabile per dare al territorio risposte nei tempi pi\u00f9 rapidi\u201d."},"content":{"rendered":"\n<p>Cagliari, 19 Apr 2023\u00a0\u2013 Si \u00e8 tenuto questa mattina a Cagliari, nella sede dell\u2019assessorato regionale dei Lavori Pubblici, il vertice in programma sulla sicurezza della viabilit\u00e0 nell\u2019oristanese. L\u2019incontro, convocato dall\u2019assessore regionale dei Lavori Pubblici, Pierluigi Saiu, si \u00e8 focalizzato sulle criticit\u00e0 del terralbese. Presenti i sindaci dei Comuni di Marrubiu, Arborea, Terralba, Uras, San Nicol\u00f2 D\u2019Arcidano, l\u2019amministratore straordinario della Provincia di Oristano e i consiglieri regionali del territorio.<\/p>\n\n\n\n<p>\u201cAbbiamo voluto dare all\u2019incontro di oggi l\u2019impostazione di un tavolo operativo istituzionale con i sindaci, per analizzare le criticit\u00e0 e individuare le priorit\u00e0, con il coinvolgimento della Provincia, ente su cui ricade la competenza degli interventi. Nell\u2019ultima Legge di stabilit\u00e0 la Regione ha stanziato finanziamenti specifici per la viabilit\u00e0 provinciale e l\u2019obiettivo \u2013 sottolinea l\u2019assessore \u2013 \u00e8 quello di dare una risposta alle comunit\u00e0 del territorio nei tempi pi\u00f9 rapidi\u201d.<\/p>\n\n\n\n<p>Un tavolo operativo, quello odierno, che si \u00e8 riunito a due settimane dal sopralluogo dell\u2019assessore Saiu sulle intersezioni delle strade provinciali 69 e 50 e la strada 8 ovest del Comune di Arborea, in seguito all\u2019invito degli amministratori locali e dei cittadini: \u201cSu questo tratto \u2013 precisa l\u2019assessore Saiu \u2013 la Provincia \u00e8 destinataria di un finanziamento di oltre 800 mila euro per la realizzazione di tre interventi di messa in sicurezza, attualmente fermi alla progettazione. In accordo con la stessa Provincia, per venire in contro alle necessit\u00e0 manifestate dall\u2019ente, stiamo valutando l\u2019assegnazione degli interventi a Opere e infrastrutture della Sardegna, in qualit\u00e0 di nuovo soggetto attuatore, anche con un\u2019eventuale integrazione delle risorse necessarie, una volta che saranno quantificate dalla stessa Provincia. Questo ci consentir\u00e0 di procedere verso la realizzazione delle opere\u201d.<\/p>\n\n\n\n<p>All\u2019attenzione del tavolo anche le condizioni della Strada statale 126: \u201cPer la quale \u2013 precisa l\u2019assessore Saiu \u2013 abbiamo assunto l\u2019impegno al confronto con Anas affinch\u00e9 vengano realizzati lavori altrettanto indispensabili per il territorio\u201d.<\/p>\n\n\n\n<p>Un altro incontro si avr\u00e0 nuovamente con l\u2019allargamento alle restanti aree dell\u2019oristanese. Com<\/p>\n","protected":false},"excerpt":{"rendered":"<p>Cagliari, 19 Apr 2023\u00a0\u2013 Si \u00e8 tenuto questa mattina a Cagliari, nella sede dell\u2019assessorato regionale dei Lavori Pubblici, il vertice in programma sulla sicurezza della&#8230;<\/p>\n","protected":false},"author":2,"featured_media":234285,"comment_status":"closed","ping_status":"open","sticky":false,"template":"","format":"standard","meta":[],"categories":[49,52],"tags":[],"_links":{"self":[{"href":"https:\/\/www.cronacaonline.it\/index.php\/wp-json\/wp\/v2\/posts\/234848"}],"collection":[{"href":"https:\/\/www.cronacaonline.it\/index.php\/wp-json\/wp\/v2\/posts"}],"about":[{"href":"https:\/\/www.cronacaonline.it\/index.php\/wp-json\/wp\/v2\/types\/post"}],"author":[{"embeddable":true,"href":"https:\/\/www.cronacaonline.it\/index.php\/wp-json\/wp\/v2\/users\/2"}],"replies":[{"embeddable":true,"href":"https:\/\/www.cronacaonline.it\/index.php\/wp-json\/wp\/v2\/comments?post=234848"}],"version-history":[{"count":1,"href":"https:\/\/www.cronacaonline.it\/index.php\/wp-json\/wp\/v2\/posts\/234848\/revisions"}],"predecessor-version":[{"id":234849,"href":"https:\/\/www.cronacaonline.it\/index.php\/wp-json\/wp\/v2\/posts\/234848\/revisions\/234849"}],"wp:featuredmedia":[{"embeddable":true,"href":"https:\/\/www.cronacaonline.it\/index.php\/wp-json\/wp\/v2\/media\/234285"}],"wp:attachment":[{"href":"https:\/\/www.cronacaonline.it\/index.php\/wp-json\/wp\/v2\/media?parent=234848"}],"wp:term":[{"taxonomy":"category","embeddable":true,"href":"https:\/\/www.cronacaonline.it\/index.php\/wp-json\/wp\/v2\/categories?post=234848"},{"taxonomy":"post_tag","embeddable":true,"href":"https:\/\/www.cronacaonline.it\/index.php\/wp-json\/wp\/v2\/tags?post=234848"}],"curies":[{"name":"wp","href":"https:\/\/api.w.org\/{rel}","templated":true}]}}