{"id":234845,"date":"2023-04-19T13:00:24","date_gmt":"2023-04-19T11:00:24","guid":{"rendered":"https:\/\/www.cronacaonline.it\/?p=234845"},"modified":"2023-04-19T13:00:27","modified_gmt":"2023-04-19T11:00:27","slug":"trenino-verde-lassessore-moro-ai-sindaci-la-fondazione-essenziale-per-restituire-ai-territori-la-gestione-turistica-del-treno-storico-della-sardegna-al-via-un-gruppo-di-lavoro","status":"publish","type":"post","link":"https:\/\/www.cronacaonline.it\/index.php\/2023\/04\/19\/trenino-verde-lassessore-moro-ai-sindaci-la-fondazione-essenziale-per-restituire-ai-territori-la-gestione-turistica-del-treno-storico-della-sardegna-al-via-un-gruppo-di-lavoro\/","title":{"rendered":"Trenino verde, l\u2019assessore Moro ai sindaci: la fondazione essenziale per restituire ai territori la gestione turistica del treno storico della Sardegna, al via un gruppo di lavoro."},"content":{"rendered":"\n<p>Cagliari, 19 Apr 2023 \u2013\u00a0\u201cLa Fondazione del Trenino verde sar\u00e0 uno strumento essenziale per segnare un tempo nuovo nelle ferrovie turistiche sarde e restituire ai territori la promozione, le scelte e la gestione delle iniziative del treno storico della Sardegna\u201d. Lo ha detto l\u2019assessore regionale dei Trasporti, Antonio Moro, oggi a Cagliari, nel corso di un incontro con i sindaci della Rete del Trenino verde, al quale hanno partecipato anche i vertici dell\u2019Arst e il presidente dell\u2019Anci Sardegna, Emiliano Deiana.<\/p>\n\n\n\n<p>Con un emendamento al collegato alla Finanziaria, ha ricordato l\u2019assessore Moro, la Giunta regionale ha avviato l\u2019iter per la nascita della Fondazione \u201cTrenino verde storico della Sardegna\u201d che dovr\u00e0 essere costituita dall\u2019Arst per \u201ctutelare, recuperare, valorizzare e promuovere \u2013 a scopo turistico, culturale e di promozione delle zone interne \u2013 la rete infrastrutturale ferroviaria turistica e i relativi rotabili storici, attraverso la realizzazione di un sistema di gestione efficiente e partecipato, condiviso dagli Enti locali\u201d.<\/p>\n\n\n\n<p>\u201cCi sar\u00e0 un coinvolgimento diretto dei Comuni - ha sottolineato l\u2019esponente della Giunta sarda \u2013 e la Fondazione lavorer\u00e0 in stretta collaborazione con tutti i portatori di interesse. La Regione avr\u00e0 il controllo della gestione del servizio e dovr\u00e0 individuare le scelte strategiche, anche in un\u2019ottica di reperimento di finanziamenti, statali e comunitari, che altrimenti non sarebbero accessibili. La Fondazione avr\u00e0 cos\u00ec a disposizione risorse da reinvestire per valorizzare i territori e il patrimonio ferroviario storico regionale\u201d.<\/p>\n\n\n\n<p>Le linee del Trenino verde sono quattro, per un totale di 437 chilometri: Mandas-Arbatax (158 km), Isili-Sorgono (82 km), Macomer-Bosa (48 km) e Sassari-Tempio-Palau (149 km). Quest\u2019anno sono previsti importanti interventi di manutenzione su tutte le linee, con investimenti in corso e programmati per 13 milioni di euro da parte dell\u2019Arst e 62 milioni da Rete ferroviaria italiana (RFI). La nuova stagione prender\u00e0 il via il 25 aprile prossimo sulla Macomer-Tresnuraghes.<\/p>\n\n\n\n<p>\u201cSar\u00e0 costituito a breve un gruppo di lavoro per le linee guida delle principali azioni della Fondazione e per la redazione dello Statuto, del quale faranno parte rappresentanti di Arst, Regione e Anci Sardegna, e un sindaco per ognuna delle ipotizzate associazioni di Comuni delle quattro tratte del Trenino verde\u201d, ha concluso l\u2019assessore Moro.&nbsp;Com<\/p>\n","protected":false},"excerpt":{"rendered":"<p>Cagliari, 19 Apr 2023 \u2013\u00a0\u201cLa Fondazione del Trenino verde sar\u00e0 uno strumento essenziale per segnare un tempo nuovo nelle ferrovie turistiche sarde e restituire ai&#8230;<\/p>\n","protected":false},"author":2,"featured_media":234846,"comment_status":"closed","ping_status":"open","sticky":false,"template":"","format":"standard","meta":[],"categories":[49,52],"tags":[],"_links":{"self":[{"href":"https:\/\/www.cronacaonline.it\/index.php\/wp-json\/wp\/v2\/posts\/234845"}],"collection":[{"href":"https:\/\/www.cronacaonline.it\/index.php\/wp-json\/wp\/v2\/posts"}],"about":[{"href":"https:\/\/www.cronacaonline.it\/index.php\/wp-json\/wp\/v2\/types\/post"}],"author":[{"embeddable":true,"href":"https:\/\/www.cronacaonline.it\/index.php\/wp-json\/wp\/v2\/users\/2"}],"replies":[{"embeddable":true,"href":"https:\/\/www.cronacaonline.it\/index.php\/wp-json\/wp\/v2\/comments?post=234845"}],"version-history":[{"count":1,"href":"https:\/\/www.cronacaonline.it\/index.php\/wp-json\/wp\/v2\/posts\/234845\/revisions"}],"predecessor-version":[{"id":234847,"href":"https:\/\/www.cronacaonline.it\/index.php\/wp-json\/wp\/v2\/posts\/234845\/revisions\/234847"}],"wp:featuredmedia":[{"embeddable":true,"href":"https:\/\/www.cronacaonline.it\/index.php\/wp-json\/wp\/v2\/media\/234846"}],"wp:attachment":[{"href":"https:\/\/www.cronacaonline.it\/index.php\/wp-json\/wp\/v2\/media?parent=234845"}],"wp:term":[{"taxonomy":"category","embeddable":true,"href":"https:\/\/www.cronacaonline.it\/index.php\/wp-json\/wp\/v2\/categories?post=234845"},{"taxonomy":"post_tag","embeddable":true,"href":"https:\/\/www.cronacaonline.it\/index.php\/wp-json\/wp\/v2\/tags?post=234845"}],"curies":[{"name":"wp","href":"https:\/\/api.w.org\/{rel}","templated":true}]}}