{"id":234806,"date":"2023-04-18T17:16:51","date_gmt":"2023-04-18T15:16:51","guid":{"rendered":"https:\/\/www.cronacaonline.it\/?p=234806"},"modified":"2023-04-18T17:16:53","modified_gmt":"2023-04-18T15:16:53","slug":"cultura-andalas-de-cultura-presenta-il-calendario-di-andalas-bootcamp-otto-seminari-rivolti-a-tutti-gli-operatori-culturali-per-valorizzare-il-grande-patrimonio-culturale-della-sardegna","status":"publish","type":"post","link":"https:\/\/www.cronacaonline.it\/index.php\/2023\/04\/18\/cultura-andalas-de-cultura-presenta-il-calendario-di-andalas-bootcamp-otto-seminari-rivolti-a-tutti-gli-operatori-culturali-per-valorizzare-il-grande-patrimonio-culturale-della-sardegna\/","title":{"rendered":"Cultura: \u00c0ndalas de cultura presenta il calendario di \u00c0ndalas Bootcamp, otto seminari rivolti a tutti gli operatori culturali per valorizzare il grande patrimonio culturale della Sardegna."},"content":{"rendered":"\n<p>Cagliari, 18 Apr 2023 \u2013\u00a0Presentato il calendario di \u00c0ndalas Bootcamp.\u00a0Si tratta di un ciclo di otto incontri\u00a0rivolto agli operatori culturali del territorio regionale\u00a0che si terranno online con cadenza settimanale dal 27 aprile al 22 giugno.\u00a0Si potr\u00e0 cos\u00ec condividere il progetto e le opportunit\u00e0 che offre a tutti i detentori del patrimonio culturale, approfondire i temi della digitalizzazione e della sua valorizzazione, e definire percorsi condivisi per garantire ai cittadini una fruizione sempre pi\u00f9 innovativa del nostro immenso patrimonio regionale.\u00a0I seminari si inseriscono all\u2019interno di Andalas de Cultura, il progetto strategico dell\u2019Assessorato della Pubblica Istruzione, Beni Culturali, posto all\u2019interno dell\u2019Agenda digitale della Regione Sardegna, nato per promuovere la conoscenza dell\u2019immenso patrimonio culturale e identitario regionale attraverso gli strumenti digitali.<\/p>\n\n\n\n<p>Sono stati coinvolti pi\u00f9 di&nbsp;263&nbsp;operatori del mondo della cultura,&nbsp;che hanno contribuito alla definizione&nbsp;dei temi da trattare. \u00c0ndalas Bootcamp si svolger\u00e0 su piattaforma online in forma di seminari con incontri della durata di 60 minuti, durante i quali saranno condivise esperienze, best-practies e indicazioni pratiche da parte di esperti di gestione del patrimonio culturale, rivolti a tutti gli operatori culturali degli ambiti Archivi, Biblioteche e Musei e dalle strategie digitali per le Istituzioni culturali alle tecnologie di supporto (storytelling, realt\u00e0 virtuale e aumentata), dalla comunicazione digitale all\u2019accessibilit\u00e0 e multilinguismo. Le&nbsp;sfide e le opportunit\u00e0 per la cultura con la condivisione dei contenuti digitali del nostro patrimonio culturale rappresentano i temi che consentiranno ai partecipanti&nbsp;di conoscere meglio il progetto \u201c\u00c0ndalas de Cultura\u201d e le enormi potenzialit\u00e0 offerte dagli strumenti tecnologici e digitali di cui si sta dotando per la valorizzazione del patrimonio culturale della Sardegna.<\/p>\n\n\n\n<p>Il programma dettagliato dei singoli eventi di \u00c0ndalas Bootcamp \u00e8 consultabile sul sito di Sardegna Cultura (<a href=\"http:\/\/www.sardegnacultura.it\/\" target=\"_blank\" rel=\"noreferrer noopener\">www.sardegnacultura.it<\/a>). Tutti gli operatori nell\u2019ambito del patrimonio culturale materiale e immateriale della Sardegna, possono partecipare registrandosi sul portale Sardegna Cultura&nbsp;<a href=\"http:\/\/www.sardegnacultura.it\/\" target=\"_blank\" rel=\"noreferrer noopener\">www.sardegnacultura.it<\/a>.<\/p>\n\n\n\n<p>Tutti gli eventi previsti dall\u2019\u00c0ndalas Bootcamp saranno registrati e resi integralmente disponibili sul canale Facebook del progetto (<a href=\"https:\/\/www.facebook.com\/andalasdecultura\/\" target=\"_blank\" rel=\"noreferrer noopener\">https:\/\/www.facebook.com\/andalasdecultura\/<\/a>). Com<\/p>\n","protected":false},"excerpt":{"rendered":"<p>Cagliari, 18 Apr 2023 \u2013\u00a0Presentato il calendario di \u00c0ndalas Bootcamp.\u00a0Si tratta di un ciclo di otto incontri\u00a0rivolto agli operatori culturali del territorio regionale\u00a0che si terranno&#8230;<\/p>\n","protected":false},"author":2,"featured_media":196029,"comment_status":"closed","ping_status":"open","sticky":false,"template":"","format":"standard","meta":[],"categories":[49,52],"tags":[],"_links":{"self":[{"href":"https:\/\/www.cronacaonline.it\/index.php\/wp-json\/wp\/v2\/posts\/234806"}],"collection":[{"href":"https:\/\/www.cronacaonline.it\/index.php\/wp-json\/wp\/v2\/posts"}],"about":[{"href":"https:\/\/www.cronacaonline.it\/index.php\/wp-json\/wp\/v2\/types\/post"}],"author":[{"embeddable":true,"href":"https:\/\/www.cronacaonline.it\/index.php\/wp-json\/wp\/v2\/users\/2"}],"replies":[{"embeddable":true,"href":"https:\/\/www.cronacaonline.it\/index.php\/wp-json\/wp\/v2\/comments?post=234806"}],"version-history":[{"count":1,"href":"https:\/\/www.cronacaonline.it\/index.php\/wp-json\/wp\/v2\/posts\/234806\/revisions"}],"predecessor-version":[{"id":234807,"href":"https:\/\/www.cronacaonline.it\/index.php\/wp-json\/wp\/v2\/posts\/234806\/revisions\/234807"}],"wp:featuredmedia":[{"embeddable":true,"href":"https:\/\/www.cronacaonline.it\/index.php\/wp-json\/wp\/v2\/media\/196029"}],"wp:attachment":[{"href":"https:\/\/www.cronacaonline.it\/index.php\/wp-json\/wp\/v2\/media?parent=234806"}],"wp:term":[{"taxonomy":"category","embeddable":true,"href":"https:\/\/www.cronacaonline.it\/index.php\/wp-json\/wp\/v2\/categories?post=234806"},{"taxonomy":"post_tag","embeddable":true,"href":"https:\/\/www.cronacaonline.it\/index.php\/wp-json\/wp\/v2\/tags?post=234806"}],"curies":[{"name":"wp","href":"https:\/\/api.w.org\/{rel}","templated":true}]}}