{"id":234798,"date":"2023-04-18T14:56:08","date_gmt":"2023-04-18T12:56:08","guid":{"rendered":"https:\/\/www.cronacaonline.it\/?p=234798"},"modified":"2023-04-18T14:56:11","modified_gmt":"2023-04-18T12:56:11","slug":"lingua-sarda-riapertura-del-bando-per-la-certificazione-linguistica-sulla-conoscenza-orale-del-catalano-sassarese-gallurese-e-tabarchino","status":"publish","type":"post","link":"https:\/\/www.cronacaonline.it\/index.php\/2023\/04\/18\/lingua-sarda-riapertura-del-bando-per-la-certificazione-linguistica-sulla-conoscenza-orale-del-catalano-sassarese-gallurese-e-tabarchino\/","title":{"rendered":"Lingua sarda: riapertura del bando per la certificazione linguistica sulla conoscenza orale del catalano, sassarese, gallurese e Tabarchino."},"content":{"rendered":"\n<p>Cagliari, 18 aprile 2023 \u2013\u00a0Riaperto il Bando per la\u00a0certificazione linguistica della conoscenza orale della lingua sarda, del catalano di Alghero, del sassarese, gallurese e tabarchino,\u00a0Nara\u2219Mi 2023.<\/p>\n\n\n\n<p>Fino al 22 maggio prossimo sar\u00e0 possibile richiedere di partecipare alle prove del bando Nara\u2219Mi annualit\u00e0 2023, relativo alla conoscenza orale della lingua sarda.<\/p>\n\n\n\n<p>La certificazione ha un duplice valore. Infatti \u00e8 necessaria per poter partecipare, in qualit\u00e0 di esperto o di collaboratore, ai laboratori extracurriculari didattici finanziati dalla Regione Sardegna ed \u00e8 anche titolo valutabile per i progetti Imprentas.<\/p>\n\n\n\n<p>Possono partecipare alla procedura le persone fisiche maggiorenni, in&nbsp;particolare quelle interessate a diventare esperto d\u2019ambito o collaboratore nel gruppo di lavoro dei Laboratori Extracurriculari Didattici.<\/p>\n\n\n\n<p>Ciascun candidato ha facolt\u00e0 di sostenere l\u2019esame orale nella variet\u00e0 linguistica che gli \u00e8 propria.<\/p>\n\n\n\n<p>Sar\u00e0 valutata la capacit\u00e0 di relazionarsi con scioltezza e spontaneit\u00e0 in lingua minoritaria, oltre che di spiegare il proprio punto di vista sull\u2019argomento dialogico proposto. Ai candidati che supereranno positivamente la prova orale verr\u00e0 rilasciato un attestato.<\/p>\n\n\n\n<p>L\u2019Assessore alla Pubblica Istruzione, Andrea Biancareddu, sottolinea come&nbsp;questa riapertura, sia la&nbsp;conferma del successo di un\u2019azione importante di politica linguistica in materia di certificazione delle conoscenze del sardo e delle altre lingue di Sardegna, che segue le certificazioni della conoscenza della Lingua sarda a Livello C1, rilasciate nel 2022 in collaborazione con l'Universit\u00e0 di Cagliari e del catalano di Alghero in collaborazione con il comune di Alghero. La Regione Sardegna, continua Biancareddu, prosegue pertanto il buon ruolino di marcia nella realizzazione del Piano per la politica linguistica 2020-2024. Com<\/p>\n","protected":false},"excerpt":{"rendered":"<p>Cagliari, 18 aprile 2023 \u2013\u00a0Riaperto il Bando per la\u00a0certificazione linguistica della conoscenza orale della lingua sarda, del catalano di Alghero, del sassarese, gallurese e tabarchino,\u00a0Nara\u2219Mi&#8230;<\/p>\n","protected":false},"author":2,"featured_media":230442,"comment_status":"closed","ping_status":"open","sticky":false,"template":"","format":"standard","meta":[],"categories":[49,52],"tags":[],"_links":{"self":[{"href":"https:\/\/www.cronacaonline.it\/index.php\/wp-json\/wp\/v2\/posts\/234798"}],"collection":[{"href":"https:\/\/www.cronacaonline.it\/index.php\/wp-json\/wp\/v2\/posts"}],"about":[{"href":"https:\/\/www.cronacaonline.it\/index.php\/wp-json\/wp\/v2\/types\/post"}],"author":[{"embeddable":true,"href":"https:\/\/www.cronacaonline.it\/index.php\/wp-json\/wp\/v2\/users\/2"}],"replies":[{"embeddable":true,"href":"https:\/\/www.cronacaonline.it\/index.php\/wp-json\/wp\/v2\/comments?post=234798"}],"version-history":[{"count":1,"href":"https:\/\/www.cronacaonline.it\/index.php\/wp-json\/wp\/v2\/posts\/234798\/revisions"}],"predecessor-version":[{"id":234799,"href":"https:\/\/www.cronacaonline.it\/index.php\/wp-json\/wp\/v2\/posts\/234798\/revisions\/234799"}],"wp:featuredmedia":[{"embeddable":true,"href":"https:\/\/www.cronacaonline.it\/index.php\/wp-json\/wp\/v2\/media\/230442"}],"wp:attachment":[{"href":"https:\/\/www.cronacaonline.it\/index.php\/wp-json\/wp\/v2\/media?parent=234798"}],"wp:term":[{"taxonomy":"category","embeddable":true,"href":"https:\/\/www.cronacaonline.it\/index.php\/wp-json\/wp\/v2\/categories?post=234798"},{"taxonomy":"post_tag","embeddable":true,"href":"https:\/\/www.cronacaonline.it\/index.php\/wp-json\/wp\/v2\/tags?post=234798"}],"curies":[{"name":"wp","href":"https:\/\/api.w.org\/{rel}","templated":true}]}}