{"id":234770,"date":"2023-04-18T06:07:01","date_gmt":"2023-04-18T04:07:01","guid":{"rendered":"https:\/\/www.cronacaonline.it\/?p=234770"},"modified":"2023-04-18T06:07:04","modified_gmt":"2023-04-18T04:07:04","slug":"al-via-lavviso-per-la-concessione-di-aiuti-a-favore-delle-agenzie-formative-accreditate-annualita-2022-23-24","status":"publish","type":"post","link":"https:\/\/www.cronacaonline.it\/index.php\/2023\/04\/18\/al-via-lavviso-per-la-concessione-di-aiuti-a-favore-delle-agenzie-formative-accreditate-annualita-2022-23-24\/","title":{"rendered":"Al via l\u2019avviso per la concessione di aiuti a favore delle agenzie formative accreditate, annualit\u00e0 2022-23-24."},"content":{"rendered":"\n<p>Cagliari, 18 Apr 2023\u00a0\u2013 AL via l\u2019Avviso Pubblico a sportello per la concessione di sostegni per le Agenzie Formative accreditate in Sardegna per le annualit\u00e0 2022 \u2013 2023 \u2013 2024.<\/p>\n\n\n\n<p>\u201cDiamo attuazione alla Legge Regionale 22 a sostegno del sistema economico della Sardegna e della salvaguardia del lavoro, rilanciando un settore fondamentale per la nostra economia, duramente colpito dalla crisi pandemica, che ha causato oltre alla riduzione del personale del comparto, anche l\u2019interruzione dei percorsi formativi, indispensabili per favorire l\u2019inserimento nel mondo del lavoro dei giovani e dei disoccupati. Sosteniamo il costo del lavoro, garantiamo il mantenimento dei livelli occupazionali e accompagniamo le agenzie formative ad affrontare il cambiamento.\u201d Cos\u00ec il Presidente della Regione Sardegna, ha commentato la pubblicazione dell\u2019Avviso.<\/p>\n\n\n\n<p>\u201cIl settore della formazione professionale \u00e8 determinante per il ruolo che ricopre in un mercato del lavoro in continua evoluzione - afferma l\u2019assessore regionale del Lavoro, Ada Lai. I sostegni sono finalizzati a promuovere il loro sviluppo, ad accelerare la transizione verde e digitale e a favorire la didattica a distanza. Promuoviamo il processo di digitalizzazione delle agenzie formative accreditate che intendano potenziare le piattaforme per l\u2019apprendimento a distanza, rafforzare la connettivit\u00e0 di rete e aggiornare il loro personale\u201d.<\/p>\n\n\n\n<p>Beneficiari degli aiuti,&nbsp;le Agenzie Formative accreditate in Sardegna con sede operativa e unit\u00e0 locali site nel territorio regionale, ad esclusione degli enti pubblici (scuole, Universit\u00e0). La dotazione finanziaria \u00e8 pari a&nbsp;euro 12.000.000,00 a valere su fondi regionali, cos\u00ec ripartiti: per 2.000.000,00 di euro per il 2022 e 5.000.000,00 di euro&nbsp;per ciascuna delle annualit\u00e0 2023 e 2024.<\/p>\n\n\n\n<p>Il finanziamento si articola in due tipi di sovvenzioni: un contributo ai costi salariali del personale mantenuto in servizio fino al 1\u00b0 gennaio 2022, per ciascuno degli anni 2022, 2023 e 2024; e \u201cuna tantum\u201d, fino ad un valore massimo di 15.000 euro per agenzia, per ciascuna delle annualit\u00e0 2023 e 2024 per il potenziamento dei servizi per il lavoro e della formazione professionale.<\/p>\n\n\n\n<p>I contributi sono destinati ad accelerare la transizione verde e digitale, a favorire la didattica a distanza e la digitalizzazione.<\/p>\n\n\n\n<p>La presentazione delle domande potr\u00e0 essere effettuata esclusivamente utilizzando l\u2019applicativo reso disponibile dalla Regione Autonoma della Sardegna nell\u2019ambito del Sistema Informativo del Lavoro e della formazione Professionale (SIL) all\u2019indirizzo:&nbsp;<a href=\"http:\/\/www.sardegnalavoro.it\/\" target=\"_blank\" rel=\"noreferrer noopener\">www.sardegnalavoro.it<\/a>&nbsp;&nbsp;a partire dalle ore 10.00 del giorno 2\/5\/2023 ed entro e non oltre le ore 23.59 del giorno 15\/5\/2023 per l\u2019annualit\u00e0 2022 e dalle ore 10 del giorno 3\/05\/2023 ed entro e non oltre le ore23.59 del giorno 16\/5\/2023.<\/p>\n\n\n\n<p>L\u2019ordine cronologico di invio telematico delle domande (DAT) costituisce unico elemento di priorit\u00e0 nell\u2019assegnazione dell\u2019Aiuto. Le richieste di chiarimenti sulle disposizioni dell\u2019Avviso potranno essere presentate all\u2019indirizzo mail&nbsp;<a href=\"javascript:webmail.View.mailto(%7bmailto:'lav.impreseL22art11agenziefp@regione.sardegna.it',%20subject:%20''%7d)\">lav.impreseL22art11agenziefp@regione.sardegna.it<\/a>.<\/p>\n\n\n\n<p>Alle richieste di chiarimento verr\u00e0 data risposta in forma anonima a mezzo pubblicazione di appositi \u201cchiarimenti\u201d sul sito&nbsp;<a href=\"http:\/\/www.regione.sardegna.it\/agenziaregionaleperillavoro\" target=\"_blank\" rel=\"noreferrer noopener\">www.regione.sardegna.it\/agenziaregionaleperillavoro<\/a>&nbsp;sul sito&nbsp;<a href=\"http:\/\/www.sardegnalavoro.it\/\" target=\"_blank\" rel=\"noreferrer noopener\">www.sardegnalavoro.it<\/a>&nbsp;e sul sito&nbsp;<a href=\"http:\/\/www.sardegnaprogrammazione.it\/\" target=\"_blank\" rel=\"noreferrer noopener\">www.sardegnaprogrammazione.it<\/a>&nbsp;&nbsp;nella pagina relativa all\u2019Avviso pubblico in oggetto, e al fine di garantire trasparenza e par condicio tra i concorrenti.<\/p>\n","protected":false},"excerpt":{"rendered":"<p>Cagliari, 18 Apr 2023\u00a0\u2013 AL via l\u2019Avviso Pubblico a sportello per la concessione di sostegni per le Agenzie Formative accreditate in Sardegna per le annualit\u00e0&#8230;<\/p>\n","protected":false},"author":2,"featured_media":187128,"comment_status":"closed","ping_status":"open","sticky":false,"template":"","format":"standard","meta":[],"categories":[49,52],"tags":[],"_links":{"self":[{"href":"https:\/\/www.cronacaonline.it\/index.php\/wp-json\/wp\/v2\/posts\/234770"}],"collection":[{"href":"https:\/\/www.cronacaonline.it\/index.php\/wp-json\/wp\/v2\/posts"}],"about":[{"href":"https:\/\/www.cronacaonline.it\/index.php\/wp-json\/wp\/v2\/types\/post"}],"author":[{"embeddable":true,"href":"https:\/\/www.cronacaonline.it\/index.php\/wp-json\/wp\/v2\/users\/2"}],"replies":[{"embeddable":true,"href":"https:\/\/www.cronacaonline.it\/index.php\/wp-json\/wp\/v2\/comments?post=234770"}],"version-history":[{"count":1,"href":"https:\/\/www.cronacaonline.it\/index.php\/wp-json\/wp\/v2\/posts\/234770\/revisions"}],"predecessor-version":[{"id":234771,"href":"https:\/\/www.cronacaonline.it\/index.php\/wp-json\/wp\/v2\/posts\/234770\/revisions\/234771"}],"wp:featuredmedia":[{"embeddable":true,"href":"https:\/\/www.cronacaonline.it\/index.php\/wp-json\/wp\/v2\/media\/187128"}],"wp:attachment":[{"href":"https:\/\/www.cronacaonline.it\/index.php\/wp-json\/wp\/v2\/media?parent=234770"}],"wp:term":[{"taxonomy":"category","embeddable":true,"href":"https:\/\/www.cronacaonline.it\/index.php\/wp-json\/wp\/v2\/categories?post=234770"},{"taxonomy":"post_tag","embeddable":true,"href":"https:\/\/www.cronacaonline.it\/index.php\/wp-json\/wp\/v2\/tags?post=234770"}],"curies":[{"name":"wp","href":"https:\/\/api.w.org\/{rel}","templated":true}]}}