{"id":234767,"date":"2023-04-18T05:59:41","date_gmt":"2023-04-18T03:59:41","guid":{"rendered":"https:\/\/www.cronacaonline.it\/?p=234767"},"modified":"2023-04-18T05:59:44","modified_gmt":"2023-04-18T03:59:44","slug":"assessore-della-regione-sardegna-allindustria-anita-pili-interviene-a-zerfaliu-per-inaugurazione","status":"publish","type":"post","link":"https:\/\/www.cronacaonline.it\/index.php\/2023\/04\/18\/assessore-della-regione-sardegna-allindustria-anita-pili-interviene-a-zerfaliu-per-inaugurazione\/","title":{"rendered":"Assessore della Regione Sardegna all\u2019Industria Anita Pili interviene a Zerfaliu per inaugurazione."},"content":{"rendered":"\n<p>Cagliari, 18 aprile 2023\u00a0-\u00a0\u201cQuesto evento oltre a raccontare la storia di un territorio, oggi \u00e8 anche l\u2019occasione per mantenere alta l\u2019attenzione sulla vertenza Portovesme Srl, alla quale \u00e8 dedicata questa edizione della Sagra\u201d.\u00a0Lo ha affermato ieri in una nota l\u2019assessore regionale dell\u2019Industria, Anita Pili, \u00e8 intervenuta alla Sagra delle arance di Zerfaliu.<\/p>\n\n\n\n<p>L\u2019assessore Pili ringraziando il Comune per la sensibilit\u00e0 dimostrata nel dedicare l\u2019evento agli operai sulcitani, in lotta per difendere il proprio posto di lavoro, ha ricordato la strategicit\u00e0 del sito industriale per tutta la Sardegna. \u201cSi tratta di una vertenza di importanza regionale - ha ribadito l\u2019esponente dell\u2019esecutivo Solinas - I lavoratori della Portvesme Srl stanno attraversando un momento veramente difficile, la societ\u00e0 che controlla lo stabilimento, facendo leva sulla contingenza legata al caro energia sta venendo meno alle sue responsabilit\u00e0 sociali. Per anni l\u2019azienda ha fatto profitti nel territorio grazie alla professionalit\u00e0 della forza lavoro e oggi minaccia di dismettere la produzione. Chiediamo alla societ\u00e0 di non fermare le linee produttive e garantire un futuro ai lavoratori. Nei&nbsp;giorni scorsi - ha sottolineato&nbsp;Pili - abbiamo avuto un vertice politico con il MIMIT e istituito una tavolo tecnico di lavoro insieme anche alla societ\u00e0 per trovare una soluzione che rilanci la produzione e garantisca il reddito dei lavoratori in un territorio, che ha gi\u00e0 pagato l\u2019alto prezzo di una deindustrializzazione che ha gi\u00e0 causato gravi danni al tessuto sociale ed economico. Ogni operaio ha una famiglia, ogni nucleo familiare rappresenta la nostra comunit\u00e0. Le istituzioni - ha aggiunto l\u2019assessore dell\u2019industria - sono chiamate a cooperare perch\u00e9 le&nbsp;vertenze industriali non hanno un colore politico, ma sono una vera e propria emergenza, che dobbiamo combattere uniti, tutti insieme.&nbsp;La soluzione non pu\u00f2 essere solo il ricorso agli ammortizzatori sociali, ma lavorare per rilanciare la competitivit\u00e0 del sito produttivo e tutelare la dignit\u00e0 del lavoro. Significativo il segnale di vicinanza da parte del&nbsp;Consiglio regionale, che insieme alla Giunta si stanno prodigando per risolvere la vertenza che interessa i siti industriali di San Gavino Monerale e Portovesme. La crisi energetica sta mettendo a dura prova non solo le imprese ma anche le nostre famiglie - ha ricordato l\u2019assessore -&nbsp;&nbsp;Lo scorso mese di novembre, abbiamo approvato insieme al Consiglio regionale una legge in materia di energia. Non solo, nella prossima finanziaria \u00e8 previsto uno stanziamento di 40 milioni di euro per le famiglie e 30 milioni per le imprese. Risorse importanti con le quali cerchiamo di dare risposta alla crisi immediata, ma soprattutto di creare quelle condizioni strutturali per evitare che nel tempo si ripetano crisi industriali come quelle che stiamo vivendo.&nbsp;&nbsp;Avremo la possibilit\u00e0 - conclude - di dare contributi ai nuclei familiari e alle aziende per la realizzazione di impianti ad energia rinnovabile ed avviare una&nbsp;serie di iniziative insieme ai sindaci della Sardegna per implementare le comunit\u00e0 energetiche nei nostri territori, con l\u2019obiettivo di ridurre i costi energetici ed aumentare la capacit\u00e0 di spesa delle famiglie.&nbsp;Com<\/p>\n","protected":false},"excerpt":{"rendered":"<p>Cagliari, 18 aprile 2023\u00a0&#8211;\u00a0\u201cQuesto evento oltre a raccontare la storia di un territorio, oggi \u00e8 anche l\u2019occasione per mantenere alta l\u2019attenzione sulla vertenza Portovesme Srl,&#8230;<\/p>\n","protected":false},"author":2,"featured_media":234768,"comment_status":"closed","ping_status":"open","sticky":false,"template":"","format":"standard","meta":[],"categories":[49,52],"tags":[],"_links":{"self":[{"href":"https:\/\/www.cronacaonline.it\/index.php\/wp-json\/wp\/v2\/posts\/234767"}],"collection":[{"href":"https:\/\/www.cronacaonline.it\/index.php\/wp-json\/wp\/v2\/posts"}],"about":[{"href":"https:\/\/www.cronacaonline.it\/index.php\/wp-json\/wp\/v2\/types\/post"}],"author":[{"embeddable":true,"href":"https:\/\/www.cronacaonline.it\/index.php\/wp-json\/wp\/v2\/users\/2"}],"replies":[{"embeddable":true,"href":"https:\/\/www.cronacaonline.it\/index.php\/wp-json\/wp\/v2\/comments?post=234767"}],"version-history":[{"count":1,"href":"https:\/\/www.cronacaonline.it\/index.php\/wp-json\/wp\/v2\/posts\/234767\/revisions"}],"predecessor-version":[{"id":234769,"href":"https:\/\/www.cronacaonline.it\/index.php\/wp-json\/wp\/v2\/posts\/234767\/revisions\/234769"}],"wp:featuredmedia":[{"embeddable":true,"href":"https:\/\/www.cronacaonline.it\/index.php\/wp-json\/wp\/v2\/media\/234768"}],"wp:attachment":[{"href":"https:\/\/www.cronacaonline.it\/index.php\/wp-json\/wp\/v2\/media?parent=234767"}],"wp:term":[{"taxonomy":"category","embeddable":true,"href":"https:\/\/www.cronacaonline.it\/index.php\/wp-json\/wp\/v2\/categories?post=234767"},{"taxonomy":"post_tag","embeddable":true,"href":"https:\/\/www.cronacaonline.it\/index.php\/wp-json\/wp\/v2\/tags?post=234767"}],"curies":[{"name":"wp","href":"https:\/\/api.w.org\/{rel}","templated":true}]}}