{"id":234745,"date":"2023-04-17T12:23:19","date_gmt":"2023-04-17T10:23:19","guid":{"rendered":"https:\/\/www.cronacaonline.it\/?p=234745"},"modified":"2023-04-17T12:23:22","modified_gmt":"2023-04-17T10:23:22","slug":"sottoscritto-accordo-per-concessione-ammortizzatori-sociali-per-lavoratori-in-mobilita-delle-aree-di-crisi-complesse-lassessore-lai-assegnati-alla-sardegna-oltre-9-mln-di-euro","status":"publish","type":"post","link":"https:\/\/www.cronacaonline.it\/index.php\/2023\/04\/17\/sottoscritto-accordo-per-concessione-ammortizzatori-sociali-per-lavoratori-in-mobilita-delle-aree-di-crisi-complesse-lassessore-lai-assegnati-alla-sardegna-oltre-9-mln-di-euro\/","title":{"rendered":"Sottoscritto accordo per concessione ammortizzatori sociali per lavoratori in mobilit\u00e0 delle aree di crisi complesse. L\u2019assessore Lai: \u201cassegnati alla Sardegna oltre 9 mln di euro\u201d."},"content":{"rendered":"\n<p>Cagliari, 17 Apr 2023\u00a0- Un verbale d\u2019accordo per la concessione e il rinnovo degli ammortizzatori sociali in mobilit\u00e0 in deroga in favore delle lavoratrici e dei lavoratori in mobilit\u00e0, gi\u00e0 dipendenti delle aziende dell\u2019Area di crisi riconosciute come complesse per l\u2019anno 2023, \u00e8 stato sottoscritto stamane, nella sede dell\u2019assessorato regionale del Lavoro, tra l\u2019assessore Lai e le organizzazioni sindacali.<\/p>\n\n\n\n<p>\u201cE\u2019 in corso di pubblicazione il decreto interministeriale firmato dal Ministro del Lavoro e delle Politiche Sociali e dal Ministro dell'Economia e delle Finanze - annuncia l\u2019assessore regionale del Lavoro, Ada Lai, che prevede la ripartizione delle risorse tra le regioni, a valere sul Fondo sociale per l\u2019occupazione e la formazione. Alla Sardegna sono stati assegnati oltre 9 milioni di euro per la concessione dei sostegni al reddito. Non appena il decreto di assegnazione delle risorse sar\u00e0 pubblicato, la Regione aprir\u00e0 i termini dell\u2019Avviso&nbsp;per la presentazione delle istanze per il godimento dell\u2019indennit\u00e0 per 514 beneficiari della misura. L'istruttoria sar\u00e0 effettuata a sportello - precisa l\u2019esponente dell\u2019esecutivo sardo - L\u2019obiettivo della Regione - conclude - \u00e8 quello di assicurare un trattamento economico dignitoso in grado di soddisfare le basilari esigenze familiari\u201d.<\/p>\n\n\n\n<p>Mercoled\u00ec, 26 aprile, si terr\u00e0 un\u2019altra riunione con le organizzazioni sindacali per fare il punto della situazione sulle aree di crisi industriale complessa e i relativi problemi occupazionali.<\/p>\n","protected":false},"excerpt":{"rendered":"<p>Cagliari, 17 Apr 2023\u00a0&#8211; Un verbale d\u2019accordo per la concessione e il rinnovo degli ammortizzatori sociali in mobilit\u00e0 in deroga in favore delle lavoratrici e&#8230;<\/p>\n","protected":false},"author":2,"featured_media":234746,"comment_status":"closed","ping_status":"open","sticky":false,"template":"","format":"standard","meta":[],"categories":[49,52],"tags":[],"_links":{"self":[{"href":"https:\/\/www.cronacaonline.it\/index.php\/wp-json\/wp\/v2\/posts\/234745"}],"collection":[{"href":"https:\/\/www.cronacaonline.it\/index.php\/wp-json\/wp\/v2\/posts"}],"about":[{"href":"https:\/\/www.cronacaonline.it\/index.php\/wp-json\/wp\/v2\/types\/post"}],"author":[{"embeddable":true,"href":"https:\/\/www.cronacaonline.it\/index.php\/wp-json\/wp\/v2\/users\/2"}],"replies":[{"embeddable":true,"href":"https:\/\/www.cronacaonline.it\/index.php\/wp-json\/wp\/v2\/comments?post=234745"}],"version-history":[{"count":1,"href":"https:\/\/www.cronacaonline.it\/index.php\/wp-json\/wp\/v2\/posts\/234745\/revisions"}],"predecessor-version":[{"id":234747,"href":"https:\/\/www.cronacaonline.it\/index.php\/wp-json\/wp\/v2\/posts\/234745\/revisions\/234747"}],"wp:featuredmedia":[{"embeddable":true,"href":"https:\/\/www.cronacaonline.it\/index.php\/wp-json\/wp\/v2\/media\/234746"}],"wp:attachment":[{"href":"https:\/\/www.cronacaonline.it\/index.php\/wp-json\/wp\/v2\/media?parent=234745"}],"wp:term":[{"taxonomy":"category","embeddable":true,"href":"https:\/\/www.cronacaonline.it\/index.php\/wp-json\/wp\/v2\/categories?post=234745"},{"taxonomy":"post_tag","embeddable":true,"href":"https:\/\/www.cronacaonline.it\/index.php\/wp-json\/wp\/v2\/tags?post=234745"}],"curies":[{"name":"wp","href":"https:\/\/api.w.org\/{rel}","templated":true}]}}