{"id":234709,"date":"2023-04-16T08:36:52","date_gmt":"2023-04-16T06:36:52","guid":{"rendered":"https:\/\/www.cronacaonline.it\/?p=234709"},"modified":"2023-04-16T08:36:55","modified_gmt":"2023-04-16T06:36:55","slug":"interrogazione-al-ministro-dellambiente-su-un-campo-eolico-di-grandi-dimensioni-nella-valle-dei-nuraghi-del-deputato-sassarese-silvio-lai-minacciata-anche-s-pietro-di-sorres","status":"publish","type":"post","link":"https:\/\/www.cronacaonline.it\/index.php\/2023\/04\/16\/interrogazione-al-ministro-dellambiente-su-un-campo-eolico-di-grandi-dimensioni-nella-valle-dei-nuraghi-del-deputato-sassarese-silvio-lai-minacciata-anche-s-pietro-di-sorres\/","title":{"rendered":"Interrogazione al Ministro dell\u2019Ambiente su un campo eolico di grandi dimensioni nella valle dei nuraghi del deputato sassarese Silvio Lai. Minacciata anche S.Pietro di Sorres."},"content":{"rendered":"\n<p>Sassari, 16 Apr 2023 - \u201cIl progetto della multinazionale svedese Fred Olsen Renewables Italy s.r.l. denominato \u201cEnergia Monte Pizzinnu \u2013 Comuni di Bessude, Borutta, Ittiri e Thiesi (SS)\u201d, presentato in luglio al Ministero della transizione ecologica per la valutazione di impatto ambientale, presenta molti punti oscuri, se non irregolari, e per questo abbiamo presentato una interrogazione urgente al Ministero competente.\u201d Cos\u00ec il deputato Dem Silvio Lai.\u00a0<\/p>\n\n\n\n<p>\u201cIl progetto prevede l'installazione di 8 turbine di nuova generazione della potenza nominale di 6.8 megawatt ciascuna, posizionate su torri di sostegno dell'altezza indicativa di 149 metri, per una potenza complessiva di 54,4 megawatt e la tipologia di procedura necessaria ai fini della realizzazione del progetto \u00e8 l'autorizzazione unica per la quale l'autorit\u00e0 competente al rilascio \u00e8 la regione Sardegna, previo esito positivo della valutazione di impatto ambientale rilasciato dal Ministero.<\/p>\n\n\n\n<p>Nell'ambito di tale procedura autorizzativa sono state rilevate da parte dei Comuni interessati dalla realizzazione dell'impianto, diverse criticit\u00e0; prioritariamente, \u00e8 stata rilevata una discordanza tra il piano particellare descrittivo depositato presso la regione Sardegna con quello depositato a corredo dell'istanza presso il Ministero dell'ambiente e della sicurezza energetica, consultabili dai relativi portali istituzionali.&nbsp;<\/p>\n\n\n\n<p>Inoltre, non sono rispettare le linee guida per la procedura di verifica dell'interesse archeologico perch\u00e9 non \u00e8 corredato dalla documentazione comprovante la definizione dei tempi di raccolta ed elaborazione da parte della Soprintendenza competente per territorio e n\u00e9 da alcuna documentazione comprovante la preventiva informazione alla predetta Soprintendenza. Altra criticit\u00e0 rilevata riguarda la valutazione del rendimento energetico dell'impianto. Si legge infatti nel progetto che \u00abI risultati di questa valutazione sono da considerare indicativi, non supportati da misurazioni delle condizioni del vento in loco e quindi soggetti ad elevati livelli di incertezza.\u201d<\/p>\n\n\n\n<p>Quelle evidenziate sono criticit\u00e0 molto importanti che, se confermate, si aggiungono alla totale mancanza di interlocuzione sul territorio con le comunit\u00e0 locali e le istituzioni anche religiose, se si conta che l\u2019impianto, cosi invasivo, si sviluppa nei pressi della Abbazia di San Pietro di Sorres.&nbsp;<\/p>\n\n\n\n<p>Per questo motivo - conclude Lai - ho presentato una interrogazione al ministero competente insieme al capogruppo PD in commissione ambiente. La transizione ecologica richiede coraggio e determinazione nelle decisioni che per\u00f2 non possono essere approssimative, contrastanti rispetto alle regole e soprattutto devono essere condivise con i territori interessati.<\/p>\n\n\n\n<p>I ritardi della valutazione di impatto ambientale da parte del Ministero possono essere interpretati come la necessit\u00e0 di avere ulteriore tempo per approfondire le criticit\u00e0 che fin dall'inizio, nell'assoluto silenzio della Regione Sardegna, i comuni avevano formalmente comunicato. Non si tratta di dire no a prescindere ma di valutare, in sede tecnica ed istituzionale, se serva quell'impianto, come progettato, oppure occorra pensare ad altre soluzioni pi\u00f9 consone e condivise per questa parte del territorio.<\/p>\n\n\n\n<p>Certo se poi la Regione si occupa di eolico solo quando vuole allora tutto diventa pi\u00f9 difficile. Red<\/p>\n","protected":false},"excerpt":{"rendered":"<p>Sassari, 16 Apr 2023 &#8211; \u201cIl progetto della multinazionale svedese Fred Olsen Renewables Italy s.r.l. denominato \u201cEnergia Monte Pizzinnu \u2013 Comuni di Bessude, Borutta, Ittiri&#8230;<\/p>\n","protected":false},"author":2,"featured_media":226125,"comment_status":"closed","ping_status":"open","sticky":false,"template":"","format":"standard","meta":[],"categories":[49,52],"tags":[],"_links":{"self":[{"href":"https:\/\/www.cronacaonline.it\/index.php\/wp-json\/wp\/v2\/posts\/234709"}],"collection":[{"href":"https:\/\/www.cronacaonline.it\/index.php\/wp-json\/wp\/v2\/posts"}],"about":[{"href":"https:\/\/www.cronacaonline.it\/index.php\/wp-json\/wp\/v2\/types\/post"}],"author":[{"embeddable":true,"href":"https:\/\/www.cronacaonline.it\/index.php\/wp-json\/wp\/v2\/users\/2"}],"replies":[{"embeddable":true,"href":"https:\/\/www.cronacaonline.it\/index.php\/wp-json\/wp\/v2\/comments?post=234709"}],"version-history":[{"count":1,"href":"https:\/\/www.cronacaonline.it\/index.php\/wp-json\/wp\/v2\/posts\/234709\/revisions"}],"predecessor-version":[{"id":234710,"href":"https:\/\/www.cronacaonline.it\/index.php\/wp-json\/wp\/v2\/posts\/234709\/revisions\/234710"}],"wp:featuredmedia":[{"embeddable":true,"href":"https:\/\/www.cronacaonline.it\/index.php\/wp-json\/wp\/v2\/media\/226125"}],"wp:attachment":[{"href":"https:\/\/www.cronacaonline.it\/index.php\/wp-json\/wp\/v2\/media?parent=234709"}],"wp:term":[{"taxonomy":"category","embeddable":true,"href":"https:\/\/www.cronacaonline.it\/index.php\/wp-json\/wp\/v2\/categories?post=234709"},{"taxonomy":"post_tag","embeddable":true,"href":"https:\/\/www.cronacaonline.it\/index.php\/wp-json\/wp\/v2\/tags?post=234709"}],"curies":[{"name":"wp","href":"https:\/\/api.w.org\/{rel}","templated":true}]}}