{"id":234678,"date":"2023-04-14T17:21:50","date_gmt":"2023-04-14T15:21:50","guid":{"rendered":"https:\/\/www.cronacaonline.it\/?p=234678"},"modified":"2023-04-14T17:21:53","modified_gmt":"2023-04-14T15:21:53","slug":"lassessore-lai-interviene-al-convegno-cisl-ogliastra-formazione-competenze-e-politiche-attive-del-lavoro","status":"publish","type":"post","link":"https:\/\/www.cronacaonline.it\/index.php\/2023\/04\/14\/lassessore-lai-interviene-al-convegno-cisl-ogliastra-formazione-competenze-e-politiche-attive-del-lavoro\/","title":{"rendered":"L\u2019assessore lai interviene al convegno Cisl Ogliastra \u201cformazione, competenze e politiche attive del lavoro\u201d."},"content":{"rendered":"\n<p>Cagliari, 14 Apr 2023 \u2013\u00a0\u201cIl lavoro oggi non \u00e8 pi\u00f9 solo un'attivit\u00e0 fisica o intellettuale profferta in cambio di un compenso, \u00e8 molto di pi\u00f9. Oltre ad essere un mezzo per esprimere il proprio potenziale, \u00e8 un diritto inviolabile, la cui perdita porta l\u2019individuo a non possedere un\u2019identit\u00e0 e un ruolo sociale\u201d. Cos\u00ec l\u2019assessore regionale del Lavoro, Ada Lai \u00e8 intervenuta al Convegno della Cisl Ogliastra \u201cFormazione, competenze e politiche attive del lavoro: sfide e prospettive per l\u2019Ogliastra e la Sardegna del futuro, tenutosi oggi a Tortol\u00ec presso l\u2019Hotel La Bitta.<\/p>\n\n\n\n<p>\u201cQuesta \u00e8 un\u2019occasione importante di incontro e confronto per favorire il dialogo tra le istituzioni e stringere un patto sociale con i territori e il sindacato, basato sulla reciproca collaborazione e sulla fiducia, il motore dell\u2019economia - ha affermato Lai. Una platea come questa, cos\u00ec competente e qualificata ci rende ottimisti. Basta con la cultura del piagnisteo, non piangiamoci addosso, ma guardiamo in prospettiva per progettare un futuro pi\u00f9 sostenibile ed inclusivo per tutti i sardi. Come assessore del lavoro mi sono imbattuta nell\u2019ormai nota questione del disallineamento tra la domanda e l\u2019offerta di lavoro, e mi sono adoperata per promuovere l\u2019incontro fattivo tra i disoccupati e le imprese attraverso il coinvolgimento e la co-progettazione con le organizzazioni datoriali, sindacali, con le agenzie formative, le associazioni di categoria e gli enti locali. Abbiamo avviato politiche attive per il lavoro - spiega l\u2019esponente dell\u2019esecutivo sardo - attraverso le risorse del programma GOL, finanziato dal PNRR, e promosso iniziative&nbsp;di animazione territoriale come il Job day Sardegna. La riforma dei centri per l\u2019impiego \u00e8 ormai iniziata, in futuro dovranno essere sempre pi\u00f9 a misura di impresa e cittadino, con la costante collaborazione degli enti locali, fondamentali per lo sviluppo e il controllo capillare delle esigenze territorio. Per promuovere l\u2019occupazione - aggiunge l\u2019assessore del Lavoro - puntiamo sulla formazione mirata per preparare quelle professionalit\u00e0 che ci chiede il mercato.&nbsp;&nbsp;E in questo caso, dobbiamo lavorare ancora per abbattere quei pregiudizi che rendono meno appetibili gli istituti e i corsi di formazione tecnico professionale tra i giovani. Non sono scuole di serie B, anzi, sono una corsia preferenziale per inserirsi nel mondo del lavoro.&nbsp;&nbsp;Spesso le opportunit\u00e0 di lavoro meglio retribuite sono proprio quelle offerte dalle professioni artigianali, aggiornate con le nuove tecnologie e competenze. La gente ci chiede lavoro, non lavoretti. Non assistenzialismo, ma misure di politica attiva - conclude l\u2019assessore Lai - come i nuovi cantieri occupazionali Lavoras attivati presso le i Comuni. Lavori veri con stipendi adeguati, con i quali diamo nuove opportunit\u00e0 ai disoccupati e risorse aggiuntive alle amministrazioni comunali, che lamentano carenze di organico\u201d. Com<\/p>\n","protected":false},"excerpt":{"rendered":"<p>Cagliari, 14 Apr 2023 \u2013\u00a0\u201cIl lavoro oggi non \u00e8 pi\u00f9 solo un&#8217;attivit\u00e0 fisica o intellettuale profferta in cambio di un compenso, \u00e8 molto di pi\u00f9.&#8230;<\/p>\n","protected":false},"author":2,"featured_media":229994,"comment_status":"closed","ping_status":"open","sticky":false,"template":"","format":"standard","meta":[],"categories":[49,52],"tags":[],"_links":{"self":[{"href":"https:\/\/www.cronacaonline.it\/index.php\/wp-json\/wp\/v2\/posts\/234678"}],"collection":[{"href":"https:\/\/www.cronacaonline.it\/index.php\/wp-json\/wp\/v2\/posts"}],"about":[{"href":"https:\/\/www.cronacaonline.it\/index.php\/wp-json\/wp\/v2\/types\/post"}],"author":[{"embeddable":true,"href":"https:\/\/www.cronacaonline.it\/index.php\/wp-json\/wp\/v2\/users\/2"}],"replies":[{"embeddable":true,"href":"https:\/\/www.cronacaonline.it\/index.php\/wp-json\/wp\/v2\/comments?post=234678"}],"version-history":[{"count":1,"href":"https:\/\/www.cronacaonline.it\/index.php\/wp-json\/wp\/v2\/posts\/234678\/revisions"}],"predecessor-version":[{"id":234679,"href":"https:\/\/www.cronacaonline.it\/index.php\/wp-json\/wp\/v2\/posts\/234678\/revisions\/234679"}],"wp:featuredmedia":[{"embeddable":true,"href":"https:\/\/www.cronacaonline.it\/index.php\/wp-json\/wp\/v2\/media\/229994"}],"wp:attachment":[{"href":"https:\/\/www.cronacaonline.it\/index.php\/wp-json\/wp\/v2\/media?parent=234678"}],"wp:term":[{"taxonomy":"category","embeddable":true,"href":"https:\/\/www.cronacaonline.it\/index.php\/wp-json\/wp\/v2\/categories?post=234678"},{"taxonomy":"post_tag","embeddable":true,"href":"https:\/\/www.cronacaonline.it\/index.php\/wp-json\/wp\/v2\/tags?post=234678"}],"curies":[{"name":"wp","href":"https:\/\/api.w.org\/{rel}","templated":true}]}}