{"id":234673,"date":"2023-04-14T15:44:45","date_gmt":"2023-04-14T13:44:45","guid":{"rendered":"https:\/\/www.cronacaonline.it\/?p=234673"},"modified":"2023-04-14T15:44:48","modified_gmt":"2023-04-14T13:44:48","slug":"ambiente-assessore-porcu-i-ceas-aprono-le-porte-ai-cittadini-con-escursioni-laboratori-e-manifestazioni-sulla-sostenibilita-ambientale-da-giugno-altri-due-progetti-su-incendi-e-plastica","status":"publish","type":"post","link":"https:\/\/www.cronacaonline.it\/index.php\/2023\/04\/14\/ambiente-assessore-porcu-i-ceas-aprono-le-porte-ai-cittadini-con-escursioni-laboratori-e-manifestazioni-sulla-sostenibilita-ambientale-da-giugno-altri-due-progetti-su-incendi-e-plastica\/","title":{"rendered":"Ambiente, assessore Porcu: \u2018I Ceas aprono le porte ai cittadini con escursioni, laboratori e manifestazioni sulla sostenibilit\u00e0 ambientale. Da giugno altri due progetti su incendi e plastica\u2019."},"content":{"rendered":"\n<p>Cagliari, 14 Apr 2023 \u2013\u00a0\u201cDal 6 al 26 maggio, 43 Centri di educazione ambientale e alla sostenibilit\u00e0 (Ceas) della Sardegna \u2018apriranno le porte\u2019 ai cittadini, con escursioni, laboratori e manifestazioni dedicati all\u2019educazione alla sostenibilit\u00e0, per rendere tutti pi\u00f9 consapevoli della necessit\u00e0 di adottare uno stile di vita sostenibile e sperimentare insieme azioni concrete\u201d. Lo ha detto l\u2019assessore regionale della Difesa dell\u2019ambiente, Marco Porcu, durante la presentazione, a\u00a0Donigala Fenughedu (Oristano), del progetto \u201cCeas\u00a0Aperti 2023 - Vivere la natura tutti insieme\u201d, coordinato dall\u2019Assessorato regionale in collaborazione con l\u2019Area marina protetta di Capo Carbonara, in qualit\u00e0 di capofila.<\/p>\n\n\n\n<p>\u201cDa giungo partiranno, sempre nell\u2019ambito delle&nbsp;iniziative della rete&nbsp;regionale Infeas, altri due progetti su tematiche ambientali rilevanti anche&nbsp;nel contesto regionale&nbsp;\u2013 ha aggiunto l\u2019assessore Porcu \u2013 \u2018Incendi e cambiamenti climatici\u2019, con&nbsp;ente&nbsp;capofila l\u2019agenzia Forestas, che durante l\u2019anno&nbsp;svolge un ruolo fondamentale di controllo e prevenzione per la salvaguardia del territorio e dei boschi. Il progetto, tra i tanti obiettivi, punta ad&nbsp;aumentare la conoscenza delle dinamiche del fuoco e dei danni collaterali, aumentando la sensibilit\u00e0 degli enti locali e dei cittadini;&nbsp;\u2018Plastiche ed economia circolare\u2019,&nbsp;capofila la&nbsp;Citt\u00e0&nbsp;metropolitana di Cagliari, che intende sensibilizzare&nbsp;i cittadini su una&nbsp;corretta raccolta differenziata dei rifiuti al fine di agevolarne il riciclo, in particolare&nbsp;della plastica, rifiuto&nbsp;che ha maggiore impatto sull\u2019ambiente\u201d.&nbsp;&nbsp;<\/p>\n\n\n\n<p>\u201cGli eventi si inseriscono nel 'Festival dello Sviluppo sostenibile', la pi\u00f9 grande iniziativa italiana per diffondere la cultura della sostenibilit\u00e0, e sono realizzati in attuazione della \u2018Strategia Sardegna2030\u2019. In sei anni, nel territorio nazionale ci sono stati pi\u00f9 di 4.500 eventi, tra convegni, seminari, workshop, mostre, spettacoli, eventi sportivi, presentazioni di libri, documentari, centinaia dei quali realizzati nell\u2019Isola\u201d, ha concluso l\u2019Assessore dell\u2019Ambiente. Com<\/p>\n","protected":false},"excerpt":{"rendered":"<p>Cagliari, 14 Apr 2023 \u2013\u00a0\u201cDal 6 al 26 maggio, 43 Centri di educazione ambientale e alla sostenibilit\u00e0 (Ceas) della Sardegna \u2018apriranno le porte\u2019 ai cittadini,&#8230;<\/p>\n","protected":false},"author":2,"featured_media":234674,"comment_status":"closed","ping_status":"open","sticky":false,"template":"","format":"standard","meta":[],"categories":[49,52],"tags":[],"_links":{"self":[{"href":"https:\/\/www.cronacaonline.it\/index.php\/wp-json\/wp\/v2\/posts\/234673"}],"collection":[{"href":"https:\/\/www.cronacaonline.it\/index.php\/wp-json\/wp\/v2\/posts"}],"about":[{"href":"https:\/\/www.cronacaonline.it\/index.php\/wp-json\/wp\/v2\/types\/post"}],"author":[{"embeddable":true,"href":"https:\/\/www.cronacaonline.it\/index.php\/wp-json\/wp\/v2\/users\/2"}],"replies":[{"embeddable":true,"href":"https:\/\/www.cronacaonline.it\/index.php\/wp-json\/wp\/v2\/comments?post=234673"}],"version-history":[{"count":1,"href":"https:\/\/www.cronacaonline.it\/index.php\/wp-json\/wp\/v2\/posts\/234673\/revisions"}],"predecessor-version":[{"id":234675,"href":"https:\/\/www.cronacaonline.it\/index.php\/wp-json\/wp\/v2\/posts\/234673\/revisions\/234675"}],"wp:featuredmedia":[{"embeddable":true,"href":"https:\/\/www.cronacaonline.it\/index.php\/wp-json\/wp\/v2\/media\/234674"}],"wp:attachment":[{"href":"https:\/\/www.cronacaonline.it\/index.php\/wp-json\/wp\/v2\/media?parent=234673"}],"wp:term":[{"taxonomy":"category","embeddable":true,"href":"https:\/\/www.cronacaonline.it\/index.php\/wp-json\/wp\/v2\/categories?post=234673"},{"taxonomy":"post_tag","embeddable":true,"href":"https:\/\/www.cronacaonline.it\/index.php\/wp-json\/wp\/v2\/tags?post=234673"}],"curies":[{"name":"wp","href":"https:\/\/api.w.org\/{rel}","templated":true}]}}