{"id":234660,"date":"2023-04-14T11:42:20","date_gmt":"2023-04-14T09:42:20","guid":{"rendered":"https:\/\/www.cronacaonline.it\/?p=234660"},"modified":"2023-04-14T11:42:23","modified_gmt":"2023-04-14T09:42:23","slug":"sport-biancareddu-via-libera-al-sostegno-finanziario-a-favore-del-settore-sportivo-regionale-dilettantistico-paraolimpico-e-campionati-di-lega-pro","status":"publish","type":"post","link":"https:\/\/www.cronacaonline.it\/index.php\/2023\/04\/14\/sport-biancareddu-via-libera-al-sostegno-finanziario-a-favore-del-settore-sportivo-regionale-dilettantistico-paraolimpico-e-campionati-di-lega-pro\/","title":{"rendered":"Sport: Biancareddu, via libera al sostegno finanziario a favore del settore sportivo regionale dilettantistico, paraolimpico e campionati di lega pro."},"content":{"rendered":"\n<p>Cagliari, 14 aprile 2023 \u2013\u00a0Con l\u2019approvazione definitiva da parte della competente Commissione Consiliare, \u00e8 stato dato il via libera al sostegno finanziario a favore del settore sportivo regionale per le societ\u00e0,\u00a0associazioni sportive dilettantistiche e Federazioni sportive paralimpiche (F.S.P.)\u00a0oltre a quelle che militano in campionati di Lega pro, con sede operativa in Sardegna.\u00a0\u00a0<\/p>\n\n\n\n<p>\u201cUn intervento - ha detto l\u2019assessore dello Sport, Andrea Biancareddu \u2013 che&nbsp;\u00e8 finanziato dal nostro assessorato per il quarto anno consecutivo&nbsp;e che comprende&nbsp;ciascuno degli anni 2023, 2024 e 2025, per complessivi 5 milioni e 300 mila euro annui. Per le societ\u00e0 e associazioni sportive dilettantistiche sono stati destinati 4 milioni e 700 mila euro annui, mentre per le societ\u00e0 sportive che militano in campionati di Lega Pro sono stati destinati finanziamenti per 600 mila euro annui\u201d.<\/p>\n\n\n\n<p>\u201cIl sostegno \u00e8 inteso - ha proseguito Biancareddu - come contributo forfettario a fondo perduto, in quanto finalizzato al sostegno finanziario del settore sportivo a carattere dilettantistico, nella sua missione principale di natura etico-sociale e di sostegno psico-fisico allo sviluppo della persona. Lo stesso \u00e8 destinato a tutte le societ\u00e0 o associazioni sportive dilettantistiche, iscritte al Registro Nazionale delle Attivit\u00e0 Sportive Dilettantistiche, che risultino affiliate ad una Federazione o ad un Ente di promozione sportiva. Inoltre nell\u2019ottica della semplificazione dei procedimenti e al fine di assicurare una maggiore celerit\u00e0 nell\u2019impiego dei fondi, le stesse somme verranno erogate tramite i Comitati regionali delle Federazioni o degli Enti di promozione sportiva di appartenenza\u201d.<\/p>\n\n\n\n<p>A favore dei&nbsp;Comitati regionali delle Federazioni o degli Enti, \u00e8&nbsp;riconosciuto inoltre un rimborso forfettario per le spese derivanti dalla gestione amministrativa delle pratiche, nella misura di 100 euro per societ\u00e0&nbsp;e comunque per un importo non superiore a 25 mila euro complessivi. Il 5 per cento della somma rimanente \u00e8&nbsp;stato poi destinato al singolo Comitato regionale per la realizzazione di corsi, organizzati dalle Federazioni, come ad esempio corsi Blsd (rianimazione cardio polmonare) e altri corsi di aggiornamento vari, a favore dei dirigenti, degli allenatori e degli atleti delle societ\u00e0 ed associazioni sportive dilettantistiche.<\/p>\n\n\n\n<p>Sar\u00e0 compito delle Federazioni e degli Enti di promozione sportiva pubblicizzare, tra i propri affiliati, la possibilit\u00e0 di accedere ai contributi della Regione a tutto il settore sportivo dilettantistico.<\/p>\n\n\n\n<p>L\u2019importo spettante a ogni Federazione ed Ente di promozione sportiva \u00e8 stato calcolato, avuto riguardo della media del numero delle societ\u00e0 e delle associazioni liquidate e rendicontate nel triennio 2020-2022, come risulta dai rendiconti trasmessi dalle rispettive Federazioni o Enti di promozione sportiva.<\/p>\n\n\n\n<p>Per le societ\u00e0 sportive che militano in campionati di Lega Pro, con sede operativa in Sardegna, l\u2019assessore Biancareddu evidenzia la funzione sociale dello sport, la diffusione e la promozione della pratica sportiva, quale strumento indispensabile di tutela psico-fisica del cittadino e di crescita culturale e civile della societ\u00e0.&nbsp;&nbsp;La Regione Sardegna intende sostenere l\u2019attivit\u00e0 delle societ\u00e0 sportive (di calcio a undici) che militano in Lega Pro, favorire l\u2019attivit\u00e0 sportiva come strumento di prevenzione, sviluppo e inclusione sociale, promuovendo cos\u00ec corretti stili di vita in tutte le fasce di et\u00e0 per dare anche un sostegno ai giovani e un\u2019opportunit\u00e0 di recupero per soggetti fragili, a rischio di devianza e di emarginazione, inseriti anche in contesti difficili, incoraggiando proprio lo svolgimento dell\u2019attivit\u00e0 sportiva. Le risorse previste di&nbsp;600 mila euro verranno ripartite in ugual misura tra tutte le societ\u00e0 sportive che militano in Lega Pro. Com<\/p>\n","protected":false},"excerpt":{"rendered":"<p>Cagliari, 14 aprile 2023 \u2013\u00a0Con l\u2019approvazione definitiva da parte della competente Commissione Consiliare, \u00e8 stato dato il via libera al sostegno finanziario a favore del&#8230;<\/p>\n","protected":false},"author":2,"featured_media":230442,"comment_status":"closed","ping_status":"open","sticky":false,"template":"","format":"standard","meta":[],"categories":[49,52],"tags":[],"_links":{"self":[{"href":"https:\/\/www.cronacaonline.it\/index.php\/wp-json\/wp\/v2\/posts\/234660"}],"collection":[{"href":"https:\/\/www.cronacaonline.it\/index.php\/wp-json\/wp\/v2\/posts"}],"about":[{"href":"https:\/\/www.cronacaonline.it\/index.php\/wp-json\/wp\/v2\/types\/post"}],"author":[{"embeddable":true,"href":"https:\/\/www.cronacaonline.it\/index.php\/wp-json\/wp\/v2\/users\/2"}],"replies":[{"embeddable":true,"href":"https:\/\/www.cronacaonline.it\/index.php\/wp-json\/wp\/v2\/comments?post=234660"}],"version-history":[{"count":1,"href":"https:\/\/www.cronacaonline.it\/index.php\/wp-json\/wp\/v2\/posts\/234660\/revisions"}],"predecessor-version":[{"id":234661,"href":"https:\/\/www.cronacaonline.it\/index.php\/wp-json\/wp\/v2\/posts\/234660\/revisions\/234661"}],"wp:featuredmedia":[{"embeddable":true,"href":"https:\/\/www.cronacaonline.it\/index.php\/wp-json\/wp\/v2\/media\/230442"}],"wp:attachment":[{"href":"https:\/\/www.cronacaonline.it\/index.php\/wp-json\/wp\/v2\/media?parent=234660"}],"wp:term":[{"taxonomy":"category","embeddable":true,"href":"https:\/\/www.cronacaonline.it\/index.php\/wp-json\/wp\/v2\/categories?post=234660"},{"taxonomy":"post_tag","embeddable":true,"href":"https:\/\/www.cronacaonline.it\/index.php\/wp-json\/wp\/v2\/tags?post=234660"}],"curies":[{"name":"wp","href":"https:\/\/api.w.org\/{rel}","templated":true}]}}