{"id":234627,"date":"2023-04-13T16:19:56","date_gmt":"2023-04-13T14:19:56","guid":{"rendered":"https:\/\/www.cronacaonline.it\/?p=234627"},"modified":"2023-04-13T16:19:59","modified_gmt":"2023-04-13T14:19:59","slug":"internazionalizzazione-giunta-sardegna-approva-interventi-a-favore-delle-imprese-e-del-sistema-sardegna","status":"publish","type":"post","link":"https:\/\/www.cronacaonline.it\/index.php\/2023\/04\/13\/internazionalizzazione-giunta-sardegna-approva-interventi-a-favore-delle-imprese-e-del-sistema-sardegna\/","title":{"rendered":"Internazionalizzazione, Giunta Sardegna approva interventi a favore delle imprese e del sistema Sardegna."},"content":{"rendered":"\n<p>Cagliari, 13 Apr 2023\u00a0- La Giunta Regionale, su proposta dell\u2019Assessore dell\u2019Industria, Anita Pili, ha approvato la delibera concernente gli Indirizzi per la realizzazione di iniziative istituzionali per l\u2019internazionalizzazione delle Imprese e del Sistema Sardegna, finanziate dall\u2019ultima manovra regionale.<\/p>\n\n\n\n<p>\u201cCon il Sistema Sardegna \u2013 afferma il Presidente della Regione Sardegna\u2013 vogliamo diffondere una cultura economica e produttiva che consenta il consolidamento della presenza e della competitivit\u00e0 delle nostre imprese sui mercati internazionali. La Regione \u00e8 al fianco delle sue aziende, che con la loro attivit\u00e0 fanno crescere il nome della Sardegna nel mondo\u201d.<\/p>\n\n\n\n<p>\u201cSi tratta \u2013 spiega l\u2019assessore dell\u2019Industria, Anita Pili \u2013 di azioni che mirano a supportare il sistema produttivo regionale, tramite un posizionamento delle produzioni tipiche, della ricerca, dello sviluppo sostenibile e delle conoscenze digitali che, a loro volta, favoriscono i processi di innovazione tecnologica dell\u2019imprenditoria territoriale. L\u2019obiettivo \u00e8 creare sviluppo e migliorare la competitivit\u00e0 del sistema economico isolano, anche attraverso la collaborazione con lo Stato, le Regioni, le Associazioni imprenditoriali e altri soggetti pubblici e privati\u201d.<\/p>\n\n\n\n<p>In particolare si prevede di realizzare un accordo quadro con l\u2019Agenzia ICE (Agenzia Governativa per la promozione all\u2019estero e l\u2019internazionalizzazione delle Imprese).<\/p>\n\n\n\n<p>La convenzione, spiega Anita Pili, \u201csulla base della gi\u00e0 avviata collaborazione, sar\u00e0 funzionale alle attivit\u00e0 di promozione a livello nazionale e internazionale, e a fornire alle imprese coinvolte in eventi internazionali il supporto necessario in termini di attivit\u00e0 formative. Pensiamo in particolare all\u2019organizzazione di eventi, anche formativi, workshop, convegni sul tema dell\u2019internazionalizzazione, e ulteriori attivit\u00e0 volte alla formulazione di piani e materiale informativo e alla collaborazione con agenzie e centri di ricerca regionali.<\/p>\n\n\n\n<p>Stiamo definendo il nuovo bando, dopo quello pubblicato a dicembre \u2013 conclude Pili \u2013 per l\u2019accompagnamento di azioni da collegare a iniziative di valenza internazionale, tali da agire come volano per il sistema produttivo isolano\u201d. Com<\/p>\n","protected":false},"excerpt":{"rendered":"<p>Cagliari, 13 Apr 2023\u00a0&#8211; La Giunta Regionale, su proposta dell\u2019Assessore dell\u2019Industria, Anita Pili, ha approvato la delibera concernente gli Indirizzi per la realizzazione di iniziative&#8230;<\/p>\n","protected":false},"author":2,"featured_media":220043,"comment_status":"closed","ping_status":"open","sticky":false,"template":"","format":"standard","meta":[],"categories":[49,52],"tags":[],"_links":{"self":[{"href":"https:\/\/www.cronacaonline.it\/index.php\/wp-json\/wp\/v2\/posts\/234627"}],"collection":[{"href":"https:\/\/www.cronacaonline.it\/index.php\/wp-json\/wp\/v2\/posts"}],"about":[{"href":"https:\/\/www.cronacaonline.it\/index.php\/wp-json\/wp\/v2\/types\/post"}],"author":[{"embeddable":true,"href":"https:\/\/www.cronacaonline.it\/index.php\/wp-json\/wp\/v2\/users\/2"}],"replies":[{"embeddable":true,"href":"https:\/\/www.cronacaonline.it\/index.php\/wp-json\/wp\/v2\/comments?post=234627"}],"version-history":[{"count":1,"href":"https:\/\/www.cronacaonline.it\/index.php\/wp-json\/wp\/v2\/posts\/234627\/revisions"}],"predecessor-version":[{"id":234628,"href":"https:\/\/www.cronacaonline.it\/index.php\/wp-json\/wp\/v2\/posts\/234627\/revisions\/234628"}],"wp:featuredmedia":[{"embeddable":true,"href":"https:\/\/www.cronacaonline.it\/index.php\/wp-json\/wp\/v2\/media\/220043"}],"wp:attachment":[{"href":"https:\/\/www.cronacaonline.it\/index.php\/wp-json\/wp\/v2\/media?parent=234627"}],"wp:term":[{"taxonomy":"category","embeddable":true,"href":"https:\/\/www.cronacaonline.it\/index.php\/wp-json\/wp\/v2\/categories?post=234627"},{"taxonomy":"post_tag","embeddable":true,"href":"https:\/\/www.cronacaonline.it\/index.php\/wp-json\/wp\/v2\/tags?post=234627"}],"curies":[{"name":"wp","href":"https:\/\/api.w.org\/{rel}","templated":true}]}}