{"id":234625,"date":"2023-04-13T14:48:26","date_gmt":"2023-04-13T12:48:26","guid":{"rendered":"https:\/\/www.cronacaonline.it\/?p=234625"},"modified":"2023-04-13T14:48:28","modified_gmt":"2023-04-13T12:48:28","slug":"progetto-sul-canalone-interrogazione-al-ministro-sangiuliano-di-silvio-lai-deputato-del-pd-della-commissione-bilancio-della-camera","status":"publish","type":"post","link":"https:\/\/www.cronacaonline.it\/index.php\/2023\/04\/13\/progetto-sul-canalone-interrogazione-al-ministro-sangiuliano-di-silvio-lai-deputato-del-pd-della-commissione-bilancio-della-camera\/","title":{"rendered":"Progetto sul Canalone, interrogazione al ministro Sangiuliano di Silvio Lai, deputato del Pd della Commissione bilancio della Camera."},"content":{"rendered":"\n<p>Sassari, 13 Apr 2023 - Sul progetto del Canalone di Sassari molti dubbi sulla soluzione trovata a partire dai criteri di progettazione che l\u2019amministrazione comunale insieme alla Regione hanno definito senza ritenere di dover procedere ad una consultazione pubblica anche per acquisire le valutazioni di esperti del settore. Per questo ho ritenuto di segnalare il progetto al Governo, attraverso una specifica interrogazione al ministro della cultura Sangiuliano, affinch\u00e9 possano essere fatti tutti gli approfondimenti necessari attraverso le Soprintendenze.<br>D\u2019altronde se \u00e8 indispensabile assumere iniziative che possano contrastare il rischio del dissesto idrogeologico \u00e8 anche vero per\u00f2 che un presunto bene non deve produrre un possibile male. Quel Canalone, che attraversa la Vallata del Fosso del Noce, interviene in una area che rappresenta un polmone verde nella citt\u00e0 e che per il suo posizionamento e la sua parte boschiva garantisce purificazione dell\u2019aria e mitigazione della calura estiva. Come si garantir\u00e0 tutto questo con la colata di cemento prevista e lo smantellamento di una parte del territorio ora finalizzata a patrimonio naturalistico? Tanto che sulla stessa area sono stati ipotizzati e presentati nel tempo progetti di valorizzazione come parco urbano connettendo con percorsi pedonali l\u2019intera vallata attraverso il superamento dei terrapieni presenti. E poi una opera non \u00e8 statica e si tratta anche di capire quali saranno i costi per la manutenzione ordinaria del canale e del verde negli anni a seguire se si segue questa soluzione a base di cemento.<br>Al ministro Sangiuliano ho chiesto di valutare il progetto oggetto del bando comunale, se le condizioni poste dal bando sono compatibili con la necessit\u00e0 di salvaguardia ambientale e paesaggistica di quell\u2019ambito, se possono essere valutati progetti alternativi che puntano a raggiungere gli stesso obiettivi tenendo ferma la necessit\u00e0 di tutela di polmoni verdi gi\u00e0 presenti all\u2019interno di una citt\u00e0 e, se possibile di una loro valorizzazione e fruizione. Red<\/p>\n","protected":false},"excerpt":{"rendered":"<p>Sassari, 13 Apr 2023 &#8211; Sul progetto del Canalone di Sassari molti dubbi sulla soluzione trovata a partire dai criteri di progettazione che l\u2019amministrazione comunale&#8230;<\/p>\n","protected":false},"author":2,"featured_media":154268,"comment_status":"closed","ping_status":"open","sticky":false,"template":"","format":"standard","meta":[],"categories":[49,52],"tags":[],"_links":{"self":[{"href":"https:\/\/www.cronacaonline.it\/index.php\/wp-json\/wp\/v2\/posts\/234625"}],"collection":[{"href":"https:\/\/www.cronacaonline.it\/index.php\/wp-json\/wp\/v2\/posts"}],"about":[{"href":"https:\/\/www.cronacaonline.it\/index.php\/wp-json\/wp\/v2\/types\/post"}],"author":[{"embeddable":true,"href":"https:\/\/www.cronacaonline.it\/index.php\/wp-json\/wp\/v2\/users\/2"}],"replies":[{"embeddable":true,"href":"https:\/\/www.cronacaonline.it\/index.php\/wp-json\/wp\/v2\/comments?post=234625"}],"version-history":[{"count":1,"href":"https:\/\/www.cronacaonline.it\/index.php\/wp-json\/wp\/v2\/posts\/234625\/revisions"}],"predecessor-version":[{"id":234626,"href":"https:\/\/www.cronacaonline.it\/index.php\/wp-json\/wp\/v2\/posts\/234625\/revisions\/234626"}],"wp:featuredmedia":[{"embeddable":true,"href":"https:\/\/www.cronacaonline.it\/index.php\/wp-json\/wp\/v2\/media\/154268"}],"wp:attachment":[{"href":"https:\/\/www.cronacaonline.it\/index.php\/wp-json\/wp\/v2\/media?parent=234625"}],"wp:term":[{"taxonomy":"category","embeddable":true,"href":"https:\/\/www.cronacaonline.it\/index.php\/wp-json\/wp\/v2\/categories?post=234625"},{"taxonomy":"post_tag","embeddable":true,"href":"https:\/\/www.cronacaonline.it\/index.php\/wp-json\/wp\/v2\/tags?post=234625"}],"curies":[{"name":"wp","href":"https:\/\/api.w.org\/{rel}","templated":true}]}}