{"id":234623,"date":"2023-04-13T14:30:36","date_gmt":"2023-04-13T12:30:36","guid":{"rendered":"https:\/\/www.cronacaonline.it\/?p=234623"},"modified":"2023-04-13T14:30:39","modified_gmt":"2023-04-13T12:30:39","slug":"poggio-dei-pini-assessore-saiu-via-alla-messa-in-sicurezza-della-diga","status":"publish","type":"post","link":"https:\/\/www.cronacaonline.it\/index.php\/2023\/04\/13\/poggio-dei-pini-assessore-saiu-via-alla-messa-in-sicurezza-della-diga\/","title":{"rendered":"Poggio dei pini, Assessore Saiu: via alla messa in sicurezza della diga."},"content":{"rendered":"\n<p>Cagliari, 13 Apr 2023\u00a0\u2013 \u201cL'intervento sulla diga di Poggio dei Pini, con la realizzazione delle opere accessorie, \u00e8 di particolare importanza per la messa in sicurezza di un\u2019area gi\u00e0 teatro di eventi drammatici. Parliamo di lavori attesi da tempo. Con la consegna dei lavori possono finalmente partire i cantieri. Quello del contrasto al dissesto idrogeologico rappresenta un tema centrale per l\u2019Isola e una priorit\u00e0 per la Regione che nell\u2019ultima Finanziaria ha stanziato 149 milioni di euro per la progettazione e realizzazione di interventi mirati a questo scopo\u201d.<\/p>\n\n\n\n<p>Lo dichiara il Presidente della Regione Sardegna, che questa mattina ha partecipato all\u2019incontro in programma a Poggio dei Pini, nel territorio di Capoterra, in occasione della consegna dei lavori di messa in sicurezza della diga. Presente l\u2019assessore regionale dei Lavori Pubblici, Pierluigi Saiu, il sindaco di Capoterra, i rappresentanti della Cooperativa Poggio dei Pini e i vertici e i tecnici del Consorzio di Bonifica della Sardegna Meridionale, ente responsabile dell\u2019invaso e soggetto attuatore dell\u2019intervento finanziato dalla Regione per oltre cinque milioni di euro.<\/p>\n\n\n\n<p>L\u2019intervento di messa in sicurezza, pi\u00f9 nello specifico, prevede la realizzazione di uno sfioratore superficiale dal lago principale (con annesso un manufatto di manovra e controllo dei sistemi di scarico), l\u2019allargamento del canale fugatore, la mitigazione ambientale delle sponde, la sistemazione della piccola diga a valle, la realizzazione della casa di guardia dello sbarramento e la realizzazione dell\u2019interconnessione da cui sar\u00e0 resa disponibile l\u2019acqua per un futuro utilizzo irriguo. I lavori seguiranno pi\u00f9 fasi in funzione della tutela ambientale.<\/p>\n\n\n\n<p>\u201cLa consegna dei lavori \u2013 dichiara l\u2019assessore Saiu \u2013 rappresenta un momento importante per un\u2019opera strategica per la comunit\u00e0 del territorio e sulla quale la Regione si \u00e8 gi\u00e0 detta disponibile anche a un\u2019integrazione delle risorse finanziarie, qualora questa si rendesse necessaria. L\u2019opera consentir\u00e0 di raggiungere livelli importanti e il transito in sicurezza di una portata d\u2019acqua superiore a quella che si verific\u00f2 in occasione della drammatica alluvione del 2008. L\u2019intervento sulla diga di Poggio dei Pini, portato avanti dal Consorzio di Bonifica della Sardegna Meridionale, testimonia la proficua collaborazione tra la Regione e i Consorzi di Bonifica dell\u2019Isola. La lotta al dissesto idrogeologico rappresenta una delle sfide pi\u00f9 importanti per chi governa e governer\u00e0 la Sardegna\u201d. Com<\/p>\n","protected":false},"excerpt":{"rendered":"<p>Cagliari, 13 Apr 2023\u00a0\u2013 \u201cL&#8217;intervento sulla diga di Poggio dei Pini, con la realizzazione delle opere accessorie, \u00e8 di particolare importanza per la messa in&#8230;<\/p>\n","protected":false},"author":2,"featured_media":233219,"comment_status":"closed","ping_status":"open","sticky":false,"template":"","format":"standard","meta":[],"categories":[49,52],"tags":[],"_links":{"self":[{"href":"https:\/\/www.cronacaonline.it\/index.php\/wp-json\/wp\/v2\/posts\/234623"}],"collection":[{"href":"https:\/\/www.cronacaonline.it\/index.php\/wp-json\/wp\/v2\/posts"}],"about":[{"href":"https:\/\/www.cronacaonline.it\/index.php\/wp-json\/wp\/v2\/types\/post"}],"author":[{"embeddable":true,"href":"https:\/\/www.cronacaonline.it\/index.php\/wp-json\/wp\/v2\/users\/2"}],"replies":[{"embeddable":true,"href":"https:\/\/www.cronacaonline.it\/index.php\/wp-json\/wp\/v2\/comments?post=234623"}],"version-history":[{"count":1,"href":"https:\/\/www.cronacaonline.it\/index.php\/wp-json\/wp\/v2\/posts\/234623\/revisions"}],"predecessor-version":[{"id":234624,"href":"https:\/\/www.cronacaonline.it\/index.php\/wp-json\/wp\/v2\/posts\/234623\/revisions\/234624"}],"wp:featuredmedia":[{"embeddable":true,"href":"https:\/\/www.cronacaonline.it\/index.php\/wp-json\/wp\/v2\/media\/233219"}],"wp:attachment":[{"href":"https:\/\/www.cronacaonline.it\/index.php\/wp-json\/wp\/v2\/media?parent=234623"}],"wp:term":[{"taxonomy":"category","embeddable":true,"href":"https:\/\/www.cronacaonline.it\/index.php\/wp-json\/wp\/v2\/categories?post=234623"},{"taxonomy":"post_tag","embeddable":true,"href":"https:\/\/www.cronacaonline.it\/index.php\/wp-json\/wp\/v2\/tags?post=234623"}],"curies":[{"name":"wp","href":"https:\/\/api.w.org\/{rel}","templated":true}]}}