{"id":234617,"date":"2023-04-13T12:32:40","date_gmt":"2023-04-13T10:32:40","guid":{"rendered":"https:\/\/www.cronacaonline.it\/?p=234617"},"modified":"2023-04-13T12:32:43","modified_gmt":"2023-04-13T10:32:43","slug":"agricoltura-lassessore-satta-incontra-aars-agris-e-associazioni-sindacali-garantita-la-copertura-finanziaria-per-i-lavoratori-nessun-licenziamento","status":"publish","type":"post","link":"https:\/\/www.cronacaonline.it\/index.php\/2023\/04\/13\/agricoltura-lassessore-satta-incontra-aars-agris-e-associazioni-sindacali-garantita-la-copertura-finanziaria-per-i-lavoratori-nessun-licenziamento\/","title":{"rendered":"Agricoltura, l\u2019assessore Satta incontra Aars, Agris e associazioni sindacali: \u201cgarantita la copertura finanziaria per i lavoratori, nessun licenziamento\u201d."},"content":{"rendered":"\n<p>Cagliari, 13 Apr 2023\u00a0- L'Assessore dell'agricoltura, Valeria Satta, ha convocato ieri l\u2019Aars-Associazione allevatori della Regione Sardegna, le Organizzazioni Sindacali dei lavoratori maggiormente rappresentative del comparto, e l'Agenzia Agris.<\/p>\n\n\n\n<p>\u201cLa priorit\u00e0 \u2013 afferma l\u2019assessore Satta \u2013 \u00e8 ovviamente la salvaguardia del personale. Insieme al direttivo e alle sigle abbiamo affrontato la questione relativa all\u2019intervenuta riduzione degli stanziamenti all\u2019associazione. Abbiamo convenuto della necessit\u00e0 di una integrazione dei fondi, con una misura che consentir\u00e0, in prima istanza, di garantire la copertura finanziaria per tutto il 2023 per la salvaguardia dell\u2019impiego dei 30 dipendenti per i quali \u00e8 stato richiesto l\u2019intervento. Per quanto riguarda invece il prossimo anno, se l'Associazione dovesse averne necessit\u00e0, alla luce di nuove eventuali richieste di Agris, non mancher\u00e0 la giusta e doverosa attenzione da parte della Regione. Ci\u00f2 che \u00e8 certo \u2013 conclude l\u2019assessore dell\u2019Agricoltura \u2013 \u00e8 che non ci sar\u00e0 nessun licenziamento da parte di Aars dovuto a mancanza di risorse\u201d.&nbsp;Com<\/p>\n","protected":false},"excerpt":{"rendered":"<p>Cagliari, 13 Apr 2023\u00a0&#8211; L&#8217;Assessore dell&#8217;agricoltura, Valeria Satta, ha convocato ieri l\u2019Aars-Associazione allevatori della Regione Sardegna, le Organizzazioni Sindacali dei lavoratori maggiormente rappresentative del comparto,&#8230;<\/p>\n","protected":false},"author":2,"featured_media":234618,"comment_status":"closed","ping_status":"open","sticky":false,"template":"","format":"standard","meta":[],"categories":[49,52],"tags":[],"_links":{"self":[{"href":"https:\/\/www.cronacaonline.it\/index.php\/wp-json\/wp\/v2\/posts\/234617"}],"collection":[{"href":"https:\/\/www.cronacaonline.it\/index.php\/wp-json\/wp\/v2\/posts"}],"about":[{"href":"https:\/\/www.cronacaonline.it\/index.php\/wp-json\/wp\/v2\/types\/post"}],"author":[{"embeddable":true,"href":"https:\/\/www.cronacaonline.it\/index.php\/wp-json\/wp\/v2\/users\/2"}],"replies":[{"embeddable":true,"href":"https:\/\/www.cronacaonline.it\/index.php\/wp-json\/wp\/v2\/comments?post=234617"}],"version-history":[{"count":1,"href":"https:\/\/www.cronacaonline.it\/index.php\/wp-json\/wp\/v2\/posts\/234617\/revisions"}],"predecessor-version":[{"id":234619,"href":"https:\/\/www.cronacaonline.it\/index.php\/wp-json\/wp\/v2\/posts\/234617\/revisions\/234619"}],"wp:featuredmedia":[{"embeddable":true,"href":"https:\/\/www.cronacaonline.it\/index.php\/wp-json\/wp\/v2\/media\/234618"}],"wp:attachment":[{"href":"https:\/\/www.cronacaonline.it\/index.php\/wp-json\/wp\/v2\/media?parent=234617"}],"wp:term":[{"taxonomy":"category","embeddable":true,"href":"https:\/\/www.cronacaonline.it\/index.php\/wp-json\/wp\/v2\/categories?post=234617"},{"taxonomy":"post_tag","embeddable":true,"href":"https:\/\/www.cronacaonline.it\/index.php\/wp-json\/wp\/v2\/tags?post=234617"}],"curies":[{"name":"wp","href":"https:\/\/api.w.org\/{rel}","templated":true}]}}