{"id":234578,"date":"2023-04-12T18:12:12","date_gmt":"2023-04-12T16:12:12","guid":{"rendered":"https:\/\/www.cronacaonline.it\/?p=234578"},"modified":"2023-04-12T18:12:15","modified_gmt":"2023-04-12T16:12:15","slug":"ambiente-assessore-porcu-a-barumini-no-allinstallazione-di-un-impianto-eolico-a-ridosso-del-complesso-nuragico-su-nuraxi","status":"publish","type":"post","link":"https:\/\/www.cronacaonline.it\/index.php\/2023\/04\/12\/ambiente-assessore-porcu-a-barumini-no-allinstallazione-di-un-impianto-eolico-a-ridosso-del-complesso-nuragico-su-nuraxi\/","title":{"rendered":"Ambiente, assessore Porcu a Barumini: \u2018no all\u2019installazione di un impianto eolico a ridosso del complesso nuragico Su Nuraxi\u2019."},"content":{"rendered":"\n<p>Cagliari, 12 aprile 2023\u00a0\u2013 \u201cHo voluto partecipare personalmente a questa assemblea per manifestare il mio dissenso contro l\u2019installazione di un impianto eolico a ridosso del complesso nuragico, unico sito Unesco attualmente presente in Sardegna\u201d. Lo ha detto l\u2019assessore regionale della Difesa dell\u2019ambiente, Marco Porcu, in occasione dell\u2019incontro promosso da Coldiretti sull\u2019installazione di un impianto eolico vicino al complesso nuragico \u201cSu Nuraxi\u201d di Barumini.<br>\u201cHo anche ribadito la posizione della Regione Sardegna in riferimento alla politica energetica nazionale, ricordando come l\u2019impugnazione del \u2018Decreto Energia\u2019 abbia consentito, con l\u2019avvento del Governo Meloni, l\u2019avvio di un\u2019interlocuzione serrata, al fine di raggiungere un accordo sulla modifica che includa una corretta pianificazione territoriale e adeguate misure di compensazione per la Sardegna\u201d, ha aggiunto l\u2019assessore Porcu.<br>\u201cSiamo consapevoli che la Sardegna sar\u00e0 chiamata a fare la sua parte nella transizione energetica, nell\u2019interesse complessivo della Nazione \u2013 ha continuato l\u2019Assessore della Difesa dell\u2019ambiente \u2013 ma questo deve avvenire con una concertazione che, partendo dalle comunit\u00e0 locali, consenta di individuare le aree idonee. Partendo dapprima dai siti gi\u00e0 compromessi ed evitando di intaccare, quanto pi\u00f9 possibile, il territorio che pu\u00f2 e deve essere destinato preliminarmente allo sviluppo agricolo, pastorale e turistico, fondamentale per l\u2019economia isolana\u201d.<\/p>\n\n\n\n<p>\u201cL\u2019attuale quadro autorizzatorio \u00e8 frutto di un impianto normativo, fortemente voluto dal Governo Draghi, per il raggiungimento di obiettivi imposti dall\u2019Unione europea. Perci\u00f2, stiamo lavorando a stretto contatto con il Governo Meloni per consentire alla Sardegna di giocare un ruolo centrale nella programmazione energetica, anche con il riconoscimento di adeguati ristori economici, direttamente in favore della Regione, in misura superiore al 3%, attualmente riconosciuto ai Comuni, che possano consentire un\u2019efficace e immediata riduzione dei costi energetici per tutti i residenti nell\u2019Isola\u201d, ha concluso l\u2019assessore Porcu.&nbsp;Com<\/p>\n","protected":false},"excerpt":{"rendered":"<p>Cagliari, 12 aprile 2023\u00a0\u2013 \u201cHo voluto partecipare personalmente a questa assemblea per manifestare il mio dissenso contro l\u2019installazione di un impianto eolico a ridosso del&#8230;<\/p>\n","protected":false},"author":2,"featured_media":234579,"comment_status":"closed","ping_status":"open","sticky":false,"template":"","format":"standard","meta":[],"categories":[49,52],"tags":[],"_links":{"self":[{"href":"https:\/\/www.cronacaonline.it\/index.php\/wp-json\/wp\/v2\/posts\/234578"}],"collection":[{"href":"https:\/\/www.cronacaonline.it\/index.php\/wp-json\/wp\/v2\/posts"}],"about":[{"href":"https:\/\/www.cronacaonline.it\/index.php\/wp-json\/wp\/v2\/types\/post"}],"author":[{"embeddable":true,"href":"https:\/\/www.cronacaonline.it\/index.php\/wp-json\/wp\/v2\/users\/2"}],"replies":[{"embeddable":true,"href":"https:\/\/www.cronacaonline.it\/index.php\/wp-json\/wp\/v2\/comments?post=234578"}],"version-history":[{"count":1,"href":"https:\/\/www.cronacaonline.it\/index.php\/wp-json\/wp\/v2\/posts\/234578\/revisions"}],"predecessor-version":[{"id":234580,"href":"https:\/\/www.cronacaonline.it\/index.php\/wp-json\/wp\/v2\/posts\/234578\/revisions\/234580"}],"wp:featuredmedia":[{"embeddable":true,"href":"https:\/\/www.cronacaonline.it\/index.php\/wp-json\/wp\/v2\/media\/234579"}],"wp:attachment":[{"href":"https:\/\/www.cronacaonline.it\/index.php\/wp-json\/wp\/v2\/media?parent=234578"}],"wp:term":[{"taxonomy":"category","embeddable":true,"href":"https:\/\/www.cronacaonline.it\/index.php\/wp-json\/wp\/v2\/categories?post=234578"},{"taxonomy":"post_tag","embeddable":true,"href":"https:\/\/www.cronacaonline.it\/index.php\/wp-json\/wp\/v2\/tags?post=234578"}],"curies":[{"name":"wp","href":"https:\/\/api.w.org\/{rel}","templated":true}]}}