{"id":234571,"date":"2023-04-12T15:33:17","date_gmt":"2023-04-12T13:33:17","guid":{"rendered":"https:\/\/www.cronacaonline.it\/?p=234571"},"modified":"2023-04-12T15:33:19","modified_gmt":"2023-04-12T13:33:19","slug":"giunta-regionale-approva-programma-annuale-emigrazione-2023-lassessore-lai-il-28-e-il-29-aprile-a-cagliari-si-terra-la-conferenza-internazionale-dellemigrazione","status":"publish","type":"post","link":"https:\/\/www.cronacaonline.it\/index.php\/2023\/04\/12\/giunta-regionale-approva-programma-annuale-emigrazione-2023-lassessore-lai-il-28-e-il-29-aprile-a-cagliari-si-terra-la-conferenza-internazionale-dellemigrazione\/","title":{"rendered":"Giunta regionale approva programma annuale emigrazione 2023. L\u2019assessore Lai: \u201cil 28 e il 29 aprile a Cagliari si terr\u00e0 la conferenza internazionale dell\u2019emigrazione\u201d."},"content":{"rendered":"\n<p>Cagliari, 12 Apr 2023\u00a0\u2013 La Giunta regionale della Sardegna, su proposta dell\u2019assessore regionale del Lavoro, Ada Lai, ha approvato nell\u2019ultima seduta il programma annuale per l'emigrazione 2023, che prevede gli interventi a favore dell'associazionismo tra i sardi in Italia e all\u2019estero e la ripartizione dei contributi annuali per le spese di funzionamento dell\u2019attivit\u00e0 dei circoli, nel rispetto della Legge regionale 7 del 91.<\/p>\n\n\n\n<p>Il piano introduce novit\u00e0 importanti, dall\u2019aggiornamento dei criteri per la ripartizione del contributo annuale, in particolare in relazione al numero dei soci iscritti; alla concessione di un sostegno straordinario per quei circoli che nel 2022 abbiano realizzato attivit\u00e0 ed eventi coerenti con la programmazione regionale in materia di Emigrazione, dall\u2019erogazione di una tantum a fondo perduto in favore del Circolo Domus Sardinia in Neuqu\u00e8n, in Patagonia (recentemente riconosciuto dalla Regione); al finanziamento di progetti per la valorizzazione dell\u2019identit\u00e0 e della conoscenza della cultura sarda tra le giovani generazioni; e all\u2019erogazione di un contributo ai Comuni che corrispondono un rimborso ai lavoratori emigrati che intendano rientrare in Sardegna.<\/p>\n\n\n\n<p>\u201cCon questa delibera abbiamo accolto le proposte della Consulta regionale per l\u2019emigrazione - spiega l\u2019assessore Lai - che all\u2019unanimit\u00e0, lo scorso marzo, ha espresso parere favorevole al programma. Si avvicina un momento importante per i nostri circoli, il 28 e il 29 aprile, infatti, a Cagliari, si terr\u00e0 la Conferenza Internazionale dell\u2019Emigrazione sarda. Sono ormai passati 15 anni dall\u2019ultima conferenza, la Sardegna \u00e8 cambiata, ma nel tempo sono cambiate anche le comunit\u00e0 dei sardi nel mondo, in termini socio-demografici ed economici, anche se \u00e8 rimasto costante il loro legame con la terra d\u2019origine. E\u2019 necessario attualizzare il loro ruolo, capire come meglio coinvolgerli, valorizzando il loro contributo socioculturale, allineando i progetti futuri con la Strategia Regionale per lo sviluppo Sostenibile 2030. Ma soprattutto - aggiunge l\u2019esponente dell\u2019esecutivo sardo - continuare ad alimentare il loro senso di appartenenza e di identit\u00e0. Le comunit\u00e0 degli emigrati sardi in Italia e all\u2019estero, infatti, rappresentano una grande risorsa, sono i nostri ambasciatori nel mondo, un bacino prezioso di talenti, competenze e capitali, oltre che un fondamentale veicolo di promozione della Sardegna. Alla luce dei cambiamenti avvenuti nei contesti di origine e di destinazione - conclude l\u2019assessore del Lavoro, delle nuove forme di mobilit\u00e0 e delle sfide globali odierne, la Conferenza internazionale, fortemente voluta dalla Regione, avr\u00e0 dunque il compito di delineare le linee programmatiche per il futuro\u201d. Com<\/p>\n","protected":false},"excerpt":{"rendered":"<p>Cagliari, 12 Apr 2023\u00a0\u2013 La Giunta regionale della Sardegna, su proposta dell\u2019assessore regionale del Lavoro, Ada Lai, ha approvato nell\u2019ultima seduta il programma annuale per&#8230;<\/p>\n","protected":false},"author":2,"featured_media":231046,"comment_status":"closed","ping_status":"open","sticky":false,"template":"","format":"standard","meta":[],"categories":[52],"tags":[],"_links":{"self":[{"href":"https:\/\/www.cronacaonline.it\/index.php\/wp-json\/wp\/v2\/posts\/234571"}],"collection":[{"href":"https:\/\/www.cronacaonline.it\/index.php\/wp-json\/wp\/v2\/posts"}],"about":[{"href":"https:\/\/www.cronacaonline.it\/index.php\/wp-json\/wp\/v2\/types\/post"}],"author":[{"embeddable":true,"href":"https:\/\/www.cronacaonline.it\/index.php\/wp-json\/wp\/v2\/users\/2"}],"replies":[{"embeddable":true,"href":"https:\/\/www.cronacaonline.it\/index.php\/wp-json\/wp\/v2\/comments?post=234571"}],"version-history":[{"count":1,"href":"https:\/\/www.cronacaonline.it\/index.php\/wp-json\/wp\/v2\/posts\/234571\/revisions"}],"predecessor-version":[{"id":234572,"href":"https:\/\/www.cronacaonline.it\/index.php\/wp-json\/wp\/v2\/posts\/234571\/revisions\/234572"}],"wp:featuredmedia":[{"embeddable":true,"href":"https:\/\/www.cronacaonline.it\/index.php\/wp-json\/wp\/v2\/media\/231046"}],"wp:attachment":[{"href":"https:\/\/www.cronacaonline.it\/index.php\/wp-json\/wp\/v2\/media?parent=234571"}],"wp:term":[{"taxonomy":"category","embeddable":true,"href":"https:\/\/www.cronacaonline.it\/index.php\/wp-json\/wp\/v2\/categories?post=234571"},{"taxonomy":"post_tag","embeddable":true,"href":"https:\/\/www.cronacaonline.it\/index.php\/wp-json\/wp\/v2\/tags?post=234571"}],"curies":[{"name":"wp","href":"https:\/\/api.w.org\/{rel}","templated":true}]}}