{"id":234534,"date":"2023-04-11T14:47:01","date_gmt":"2023-04-11T12:47:01","guid":{"rendered":"https:\/\/www.cronacaonline.it\/?p=234534"},"modified":"2023-04-11T14:47:02","modified_gmt":"2023-04-11T12:47:02","slug":"ambiente-aperte-le-iscrizioni-al-festival-dello-sviluppo-sostenibile-assessore-porcu-i-nostri-territori-stanno-diventando-laboratori-di-conoscenza-e-scambio","status":"publish","type":"post","link":"https:\/\/www.cronacaonline.it\/index.php\/2023\/04\/11\/ambiente-aperte-le-iscrizioni-al-festival-dello-sviluppo-sostenibile-assessore-porcu-i-nostri-territori-stanno-diventando-laboratori-di-conoscenza-e-scambio\/","title":{"rendered":"Ambiente, aperte le iscrizioni al \u2018festival dello sviluppo sostenibile\u2019. Assessore Porcu: \u2018i nostri territori, stanno diventando laboratori di conoscenza e scambio\u2019."},"content":{"rendered":"\n<p>Cagliari, 11 Apr 2023 \u2013\u00a0Dal 6 maggio al 7 giugno 2023 si terr\u00e0 il \u201cFestival dello Sviluppo sostenibile\u201d, la pi\u00f9 grande iniziativa italiana per diffondere la cultura della sostenibilit\u00e0. In sei anni sono stati realizzati pi\u00f9 di 4.500 eventi tra convegni, seminari, workshop, mostre, spettacoli, eventi sportivi, presentazioni di libri, documentari e tanto altro ancora, centinaia dei quali realizzati in Sardegna.<\/p>\n\n\n\n<p>\u201cPossono partecipare tutte le realt\u00e0 sarde che lavorano per realizzare un cambiamento culturale verso una maggiore sostenibilit\u00e0 ambientale, responsabilit\u00e0 sociale, benessere dei territori e delle nostre comunit\u00e0, in attuazione della Strategia regionale per lo Sviluppo sostenibile, la Strategia nazionale e l\u2019Agenda 2030 coi suoi diciassette obiettivi di sviluppo sostenibile\u201d, ha&nbsp;sottolineato l\u2019assessore regionale della Difesa dell\u2019ambiente, Marco Porcu.<\/p>\n\n\n\n<p><a><\/a>\u201cSta aumentando la capacit\u00e0 di attuare lo sviluppo sostenibile nei nostri territori, che stanno diventando laboratori di conoscenza e scambio\u201d, ha aggiunto l\u2019assessore Porcu nell\u2019invitare i Centri di educazione&nbsp;ambientale e alla sostenibilit\u00e0 (Ceas), le aree protette, le imprese, le associazioni, gli istituti di ricerca, le scuole e gli enti locali a organizzare e inserire i propri eventi all\u2019interno del programma nazionale e regionale del Festival.<\/p>\n\n\n\n<p>La Sardegna contribuisce a questa settima edizione con la manifestazione \u201cCeas aperti\u201d coordinata dall\u2019Assessorato, in collaborazione l\u2019Area marina protetta Capo Carbonara, Forestas e la Citt\u00e0 metropolitana di Cagliari, che comincer\u00e0 il 6 maggio con un ricco calendario di eventi, laboratori, seminari e workshop sui temi della sostenibilit\u00e0. Il Festival, promosso dalla Alleanza italiana per lo Sviluppo sostenibile (oltre 300 aderenti), \u00e8 riconosciuto dalle Nazioni Unite come un'iniziativa innovativa e unica a livello internazionale, per due volte finalista agli Sdgs Action Awards.<\/p>\n\n\n\n<p>Per le iscrizioni, entro il 28 aprile, al \u201cFestival dello Sviluppo sostenibile\u201d bisogna registrarsi all\u2019indirizzo<a href=\"http:\/\/2023.festivalsvilupposostenibile.it\/proponi-evento\/\" target=\"_blank\" rel=\"noreferrer noopener\">&nbsp;2023.festivalsvilupposostenibile.it\/proponi-evento\/&nbsp;<\/a>; mentre i siti di riferimento sono&nbsp;<a href=\"http:\/\/www.regione.sardegna.it\/argomenti\/strategiaregionalesvilupposostenibile\/\" target=\"_blank\" rel=\"noreferrer noopener\">www.regione.sardegna.it\/argomenti\/strategiaregionalesvilupposostenibile\/<\/a>&nbsp;e&nbsp;<a href=\"http:\/\/www.sardegnainfeas.it\/\" target=\"_blank\" rel=\"noreferrer noopener\">www.sardegnainfeas.it<\/a>&nbsp;. Per informazioni si pu\u00f2 inviare una mail a&nbsp;<a href=\"javascript:webmail.View.mailto(%7bmailto:'sardegna2030@regione.sardegna.it',%20subject:%20''%7d)\">sardegna2030@regione.sardegna.it<\/a>&nbsp;.&nbsp;<\/p>\n","protected":false},"excerpt":{"rendered":"<p>Cagliari, 11 Apr 2023 \u2013\u00a0Dal 6 maggio al 7 giugno 2023 si terr\u00e0 il \u201cFestival dello Sviluppo sostenibile\u201d, la pi\u00f9 grande iniziativa italiana per diffondere&#8230;<\/p>\n","protected":false},"author":2,"featured_media":230444,"comment_status":"closed","ping_status":"open","sticky":false,"template":"","format":"standard","meta":[],"categories":[49,52],"tags":[],"_links":{"self":[{"href":"https:\/\/www.cronacaonline.it\/index.php\/wp-json\/wp\/v2\/posts\/234534"}],"collection":[{"href":"https:\/\/www.cronacaonline.it\/index.php\/wp-json\/wp\/v2\/posts"}],"about":[{"href":"https:\/\/www.cronacaonline.it\/index.php\/wp-json\/wp\/v2\/types\/post"}],"author":[{"embeddable":true,"href":"https:\/\/www.cronacaonline.it\/index.php\/wp-json\/wp\/v2\/users\/2"}],"replies":[{"embeddable":true,"href":"https:\/\/www.cronacaonline.it\/index.php\/wp-json\/wp\/v2\/comments?post=234534"}],"version-history":[{"count":1,"href":"https:\/\/www.cronacaonline.it\/index.php\/wp-json\/wp\/v2\/posts\/234534\/revisions"}],"predecessor-version":[{"id":234535,"href":"https:\/\/www.cronacaonline.it\/index.php\/wp-json\/wp\/v2\/posts\/234534\/revisions\/234535"}],"wp:featuredmedia":[{"embeddable":true,"href":"https:\/\/www.cronacaonline.it\/index.php\/wp-json\/wp\/v2\/media\/230444"}],"wp:attachment":[{"href":"https:\/\/www.cronacaonline.it\/index.php\/wp-json\/wp\/v2\/media?parent=234534"}],"wp:term":[{"taxonomy":"category","embeddable":true,"href":"https:\/\/www.cronacaonline.it\/index.php\/wp-json\/wp\/v2\/categories?post=234534"},{"taxonomy":"post_tag","embeddable":true,"href":"https:\/\/www.cronacaonline.it\/index.php\/wp-json\/wp\/v2\/tags?post=234534"}],"curies":[{"name":"wp","href":"https:\/\/api.w.org\/{rel}","templated":true}]}}