{"id":234526,"date":"2023-04-11T12:13:09","date_gmt":"2023-04-11T10:13:09","guid":{"rendered":"https:\/\/www.cronacaonline.it\/?p=234526"},"modified":"2023-04-11T12:13:12","modified_gmt":"2023-04-11T10:13:12","slug":"turismo-la-sardegna-alla-fiera-di-dubai-arabian-travel-market-assessore-chessa-partecipiamo-alle-migliori-fiere-internazionali-per-conquistare-nuovi-mercati","status":"publish","type":"post","link":"https:\/\/www.cronacaonline.it\/index.php\/2023\/04\/11\/turismo-la-sardegna-alla-fiera-di-dubai-arabian-travel-market-assessore-chessa-partecipiamo-alle-migliori-fiere-internazionali-per-conquistare-nuovi-mercati\/","title":{"rendered":"Turismo, la Sardegna alla fiera di Dubai \u201cArabian Travel Market\u201d. Assessore Chessa: \u2018partecipiamo alle migliori fiere internazionali per conquistare nuovi mercati\u2019."},"content":{"rendered":"\n<p>Cagliari, 11 Apr 2023\u00a0\u2013 Dal 1 al 4 maggio 2023, la Sardegna parteciper\u00e0 alla fiera turistica \u201cArabian travel market\u201d di Dubai. \u00c8 il principale evento dell'industria turistica del Medio Oriente e rappresenta uno dei pi\u00f9 importanti appuntamenti economici del mercato arabo. Il tema di questa edizione sar\u00e0 l\u2019evoluzione delle tendenze innovative dei viaggi sostenibili e saranno identificate le strategie di crescita all\u2019interno di specifici settori chiave.<\/p>\n\n\n\n<p>\"La partecipazione della Sardegna alle migliori fiere internazionali&nbsp;\u00e8 una componente fondamentale della promozione turistica nel mercato nazionale e internazionale,&nbsp;puntando a cogliere tutte le opportunit\u00e0 per conquistare nuovi mercati con l\u2019obiettivo di una crescita costante dei flussi turistici. Ovviamente, teniamo conto anche delle nuove rotte programmate delle compagnie aeree, come il Cagliari-Dubai che verr\u00e0&nbsp;inaugurato il prossimo 22 giugno\u201d, ha detto l\u2019assessore regionale del Turismo, Gianni Chessa.<\/p>\n\n\n\n<p>Lo stand della Regione Sardegna sar\u00e0 di circa 200 metri quadri e potr\u00e0 ospitare&nbsp;dodici aziende&nbsp;appartenenti&nbsp;ad alcuni settori: strutture ricettive alberghiere a 4\/5 stelle; catene alberghiere; gestioni alberghiere; agenzie di viaggio incoming e tour operator (regolarmente iscritti al Registro regionale); bus operator; societ\u00e0 di gestione aeroportuali; compagnie aeree e di navigazione; destination marketing organization e convention &amp; visitors bureau; convention bureau territoriali; club di prodotto e aggregazione d\u2019imprese congressuali ed eventi; sedi per eventi (centri congressi, alberghi congressuali, dimore storiche, spazi per grandi eventi, spazi istituzionali e spazi non convenzionali); agenzie di organizzazione di convegni, congressi, eventi, eventi motivazionali, lanci prodotto, espositori, seminari; agenzie di viaggio e di comunicazione con specifici dipartimenti di organizzazione eventi; aziende e agenzie di servizi e consulenza congressuale. Le imprese interessate alla partecipazione alla Fiera di Dubai dovranno inviare la propria manifestazione d\u2019interesse entro il prossimo 15 aprile. Com<\/p>\n","protected":false},"excerpt":{"rendered":"<p>Cagliari, 11 Apr 2023\u00a0\u2013 Dal 1 al 4 maggio 2023, la Sardegna parteciper\u00e0 alla fiera turistica \u201cArabian travel market\u201d di Dubai. \u00c8 il principale evento&#8230;<\/p>\n","protected":false},"author":2,"featured_media":193993,"comment_status":"closed","ping_status":"open","sticky":false,"template":"","format":"standard","meta":[],"categories":[49,52],"tags":[],"_links":{"self":[{"href":"https:\/\/www.cronacaonline.it\/index.php\/wp-json\/wp\/v2\/posts\/234526"}],"collection":[{"href":"https:\/\/www.cronacaonline.it\/index.php\/wp-json\/wp\/v2\/posts"}],"about":[{"href":"https:\/\/www.cronacaonline.it\/index.php\/wp-json\/wp\/v2\/types\/post"}],"author":[{"embeddable":true,"href":"https:\/\/www.cronacaonline.it\/index.php\/wp-json\/wp\/v2\/users\/2"}],"replies":[{"embeddable":true,"href":"https:\/\/www.cronacaonline.it\/index.php\/wp-json\/wp\/v2\/comments?post=234526"}],"version-history":[{"count":1,"href":"https:\/\/www.cronacaonline.it\/index.php\/wp-json\/wp\/v2\/posts\/234526\/revisions"}],"predecessor-version":[{"id":234527,"href":"https:\/\/www.cronacaonline.it\/index.php\/wp-json\/wp\/v2\/posts\/234526\/revisions\/234527"}],"wp:featuredmedia":[{"embeddable":true,"href":"https:\/\/www.cronacaonline.it\/index.php\/wp-json\/wp\/v2\/media\/193993"}],"wp:attachment":[{"href":"https:\/\/www.cronacaonline.it\/index.php\/wp-json\/wp\/v2\/media?parent=234526"}],"wp:term":[{"taxonomy":"category","embeddable":true,"href":"https:\/\/www.cronacaonline.it\/index.php\/wp-json\/wp\/v2\/categories?post=234526"},{"taxonomy":"post_tag","embeddable":true,"href":"https:\/\/www.cronacaonline.it\/index.php\/wp-json\/wp\/v2\/tags?post=234526"}],"curies":[{"name":"wp","href":"https:\/\/api.w.org\/{rel}","templated":true}]}}