{"id":234461,"date":"2023-04-07T15:48:09","date_gmt":"2023-04-07T13:48:09","guid":{"rendered":"https:\/\/www.cronacaonline.it\/?p=234461"},"modified":"2023-04-07T16:04:05","modified_gmt":"2023-04-07T14:04:05","slug":"sanita-lassessore-doria-il-trasferimento-della-diabetolgia-dal-brotzu-in-linea-con-il-nuovo-modello-dassistenza-garantiremo-il-massimo-ai-cittadini-e-al-personale","status":"publish","type":"post","link":"https:\/\/www.cronacaonline.it\/index.php\/2023\/04\/07\/sanita-lassessore-doria-il-trasferimento-della-diabetolgia-dal-brotzu-in-linea-con-il-nuovo-modello-dassistenza-garantiremo-il-massimo-ai-cittadini-e-al-personale\/","title":{"rendered":"Sanit\u00e0, l\u2019assessore Doria: \u201cil trasferimento della diabetologia dal brotzu in linea con il nuovo modello d\u2019assistenza. Garantiremo il massimo ai cittadini e al personale\u201d."},"content":{"rendered":"\n<p>Cagliari, 7 Apr 2023 \u2013\u00a0\u201cIl trasferimento della diabetologia dall\u2019Arnas Brotzu alla Asl8, dall\u2019ospedale al territorio, \u00e8 coerente con il nuovo modello d\u2019assistenza a cui si sta puntando con forza a livello nazionale e che trova le sue basi nel nuovo assetto delineato dal DM77. Un modello moderno e sostenibile che assegna alla sanit\u00e0 territoriale l\u2019importante compito di gestire le cronicit\u00e0, indicando invece l\u2019ospedale come luogo di cura delle fasi acute della malattia. Le tante persone affette dal diabete continueranno ad avere nell\u2019ospedale un punto di riferimento per tutte le gravi complicanze che questa malattia pu\u00f2 comportare, fasi acute la cui prevenzione deve per\u00f2 trovare risposta quotidiana nelle strutture sanitarie territoriali\u201d.<\/p>\n\n\n\n<p>Lo dichiara l\u2019assessore regionale della Sanit\u00e0, Carlo Doria, in risposta ai dubbi sollevati negli ultimi giorni in merito al trasferimento della diabetologia dall\u2019ospedale San Michele agli ambulatori di Quartu Sant\u2019Elena, in applicazione di quanto previsto dai nuovi atti aziendali.<\/p>\n\n\n\n<p>\u201cIl nuovo assetto \u2013 precisa l\u2019assessore \u2013 non comporter\u00e0 la mera chiusura di un servizio ospedaliero, da una parte, a fronte della migrazione dei pazienti, dall\u2019altra. Non si sta operando un taglio o una riduzione. Il trasferimento della diabetologia comporter\u00e0 un potenziamento del servizio in una struttura con personale medico e infermieristico adeguati ai volumi richiesti in quello che diverr\u00e0 un punto di riferimento per i pazienti in una logica di area metropolitana\u201d.<\/p>\n\n\n\n<p>\u201cNon lasceremo niente al caso. In quest\u2019ottica \u2013 dichiara l\u2019esponente della Giunta \u2013 la Consulta regionale della diabetologia \u00e8 gi\u00e0 al lavoro ed \u00e8 in corso una ricognizione puntuale che prenda in esame tutte le possibili criticit\u00e0, in modo da poter mettere in campo quanto necessario a dare garanzie ai cittadini e agli operatori sanitari. Il diabete rappresenta un\u2019autentica piaga sul nostro territorio, che registra numeri importanti a livello mondiale. Le cure e l\u2019assistenza alle persone diabetiche rappresentano per noi una priorit\u00e0 assoluta\u201d.&nbsp;Com<\/p>\n","protected":false},"excerpt":{"rendered":"<p>Cagliari, 7 Apr 2023 \u2013\u00a0\u201cIl trasferimento della diabetologia dall\u2019Arnas Brotzu alla Asl8, dall\u2019ospedale al territorio, \u00e8 coerente con il nuovo modello d\u2019assistenza a cui si&#8230;<\/p>\n","protected":false},"author":2,"featured_media":229794,"comment_status":"closed","ping_status":"open","sticky":false,"template":"","format":"standard","meta":[],"categories":[49,52],"tags":[],"_links":{"self":[{"href":"https:\/\/www.cronacaonline.it\/index.php\/wp-json\/wp\/v2\/posts\/234461"}],"collection":[{"href":"https:\/\/www.cronacaonline.it\/index.php\/wp-json\/wp\/v2\/posts"}],"about":[{"href":"https:\/\/www.cronacaonline.it\/index.php\/wp-json\/wp\/v2\/types\/post"}],"author":[{"embeddable":true,"href":"https:\/\/www.cronacaonline.it\/index.php\/wp-json\/wp\/v2\/users\/2"}],"replies":[{"embeddable":true,"href":"https:\/\/www.cronacaonline.it\/index.php\/wp-json\/wp\/v2\/comments?post=234461"}],"version-history":[{"count":2,"href":"https:\/\/www.cronacaonline.it\/index.php\/wp-json\/wp\/v2\/posts\/234461\/revisions"}],"predecessor-version":[{"id":234463,"href":"https:\/\/www.cronacaonline.it\/index.php\/wp-json\/wp\/v2\/posts\/234461\/revisions\/234463"}],"wp:featuredmedia":[{"embeddable":true,"href":"https:\/\/www.cronacaonline.it\/index.php\/wp-json\/wp\/v2\/media\/229794"}],"wp:attachment":[{"href":"https:\/\/www.cronacaonline.it\/index.php\/wp-json\/wp\/v2\/media?parent=234461"}],"wp:term":[{"taxonomy":"category","embeddable":true,"href":"https:\/\/www.cronacaonline.it\/index.php\/wp-json\/wp\/v2\/categories?post=234461"},{"taxonomy":"post_tag","embeddable":true,"href":"https:\/\/www.cronacaonline.it\/index.php\/wp-json\/wp\/v2\/tags?post=234461"}],"curies":[{"name":"wp","href":"https:\/\/api.w.org\/{rel}","templated":true}]}}