{"id":234453,"date":"2023-04-07T13:51:35","date_gmt":"2023-04-07T11:51:35","guid":{"rendered":"https:\/\/www.cronacaonline.it\/?p=234453"},"modified":"2023-04-07T13:51:36","modified_gmt":"2023-04-07T11:51:36","slug":"energia-lassessore-pili-visita-allarea-industriale-di-terralba-finanziata-con-i-fondi-pip-fondamentale-il-confronto-con-i-destinatari-delle-misure-aziende-protagoniste-de","status":"publish","type":"post","link":"https:\/\/www.cronacaonline.it\/index.php\/2023\/04\/07\/energia-lassessore-pili-visita-allarea-industriale-di-terralba-finanziata-con-i-fondi-pip-fondamentale-il-confronto-con-i-destinatari-delle-misure-aziende-protagoniste-de\/","title":{"rendered":"Energia, l\u2019assessore Pili visita all\u2019area industriale di Terralba finanziata con i fondi Pip: \u201cfondamentale il confronto con i destinatari delle misure; aziende protagoniste della transizione energetica\u201d."},"content":{"rendered":"\n<p>Cagliari, 7 Apr 2023\u00a0\u2013 \u201cAscoltare i destinatari delle misure costituisce un momento importante nel corso di una transizione energetica in cui le aziende devono essere protagoniste\u201d. Lo afferma l\u2019assessore dell\u2019Industria, Anita Pili, che questa mattina ha effettuato un sopralluogo nell\u2019area industriale di Terralba, una delle aree finanziate con i fondi per i Piani per gli insediamenti produttivi (Pip) dalla Regione, che ospita attualmente dei consorzi di aziende.<\/p>\n\n\n\n<p>\u201cCon i finanziamenti regionali ci siamo voluti concentrare su azioni volte a ridurre l\u2019impatto ambientale, migliorare le condizioni di sviluppo imprenditoriale e promuovere la localizzazione di nuove iniziative\u201d, ricorda l\u2019assessore dell\u2019Industria.<\/p>\n\n\n\n<p>\u201cSiamo sempre disponibili ad occasioni di confronto costruttivo sulle misure energetiche destinate al sistema produttivo in attuazione e in programmazione. Il nostro territorio regionale vanta aziende capaci di fare sistema e restituire al territorio azioni concrete di responsabilit\u00e0 nei confronti delle comunit\u00e0 locali, anche dal punto di vista delle opportunit\u00e0 occupazionali\u201d. Red<\/p>\n","protected":false},"excerpt":{"rendered":"<p>Cagliari, 7 Apr 2023\u00a0\u2013 \u201cAscoltare i destinatari delle misure costituisce un momento importante nel corso di una transizione energetica in cui le aziende devono essere&#8230;<\/p>\n","protected":false},"author":2,"featured_media":233031,"comment_status":"closed","ping_status":"open","sticky":false,"template":"","format":"standard","meta":[],"categories":[49,52],"tags":[],"_links":{"self":[{"href":"https:\/\/www.cronacaonline.it\/index.php\/wp-json\/wp\/v2\/posts\/234453"}],"collection":[{"href":"https:\/\/www.cronacaonline.it\/index.php\/wp-json\/wp\/v2\/posts"}],"about":[{"href":"https:\/\/www.cronacaonline.it\/index.php\/wp-json\/wp\/v2\/types\/post"}],"author":[{"embeddable":true,"href":"https:\/\/www.cronacaonline.it\/index.php\/wp-json\/wp\/v2\/users\/2"}],"replies":[{"embeddable":true,"href":"https:\/\/www.cronacaonline.it\/index.php\/wp-json\/wp\/v2\/comments?post=234453"}],"version-history":[{"count":1,"href":"https:\/\/www.cronacaonline.it\/index.php\/wp-json\/wp\/v2\/posts\/234453\/revisions"}],"predecessor-version":[{"id":234455,"href":"https:\/\/www.cronacaonline.it\/index.php\/wp-json\/wp\/v2\/posts\/234453\/revisions\/234455"}],"wp:featuredmedia":[{"embeddable":true,"href":"https:\/\/www.cronacaonline.it\/index.php\/wp-json\/wp\/v2\/media\/233031"}],"wp:attachment":[{"href":"https:\/\/www.cronacaonline.it\/index.php\/wp-json\/wp\/v2\/media?parent=234453"}],"wp:term":[{"taxonomy":"category","embeddable":true,"href":"https:\/\/www.cronacaonline.it\/index.php\/wp-json\/wp\/v2\/categories?post=234453"},{"taxonomy":"post_tag","embeddable":true,"href":"https:\/\/www.cronacaonline.it\/index.php\/wp-json\/wp\/v2\/tags?post=234453"}],"curies":[{"name":"wp","href":"https:\/\/api.w.org\/{rel}","templated":true}]}}