{"id":234424,"date":"2023-04-07T08:33:11","date_gmt":"2023-04-07T06:33:11","guid":{"rendered":"https:\/\/www.cronacaonline.it\/?p=234424"},"modified":"2023-04-07T08:33:13","modified_gmt":"2023-04-07T06:33:13","slug":"sardegna-un-mondo-straordinario-lo-spot-della-regione-si-aggiudica-sei-premi-agli-oscar-della-pubblicita-italiana","status":"publish","type":"post","link":"https:\/\/www.cronacaonline.it\/index.php\/2023\/04\/07\/sardegna-un-mondo-straordinario-lo-spot-della-regione-si-aggiudica-sei-premi-agli-oscar-della-pubblicita-italiana\/","title":{"rendered":"\u201cSardegna, un mondo straordinario\u201d: lo spot della regione si aggiudica sei premi agli oscar della pubblicit\u00e0 italiana."},"content":{"rendered":"\n<p>Cagliari, 7 Apr 2023\u00a0\u2013 Sei premi sul podio del Mediastars: tanti sono i riconoscimenti che lo spot \u201cSardegna, un mondo straordinario\u201d, promosso dalla Presidenza della Regione Sardegna, si \u00e8 aggiudicato alla 27esima edizione degli oscar della pubblicit\u00e0 italiana, la cui premiazione avverr\u00e0 il prossimo 9 giugno a Milano.<\/p>\n\n\n\n<p>Nello specifico, l\u2019opera ottiene il primo posto nella categoria Social Media - Spot Istituzionali, la special star per la Direzione Creativa, il secondo posto nella categoria Televisione \u2013 Spot Istituzionali, la special star per la regia e la soundtrack e infine la nomination in Short list.<\/p>\n\n\n\n<p>Nella trama, un Mamuthone con le sembianze di un personaggio marino approda nell\u2019Isola: sotto la maschera si cela, in realt\u00e0, una donna. \u00c8 Caterina Murino, attrice e testimonial della Sardegna nel mondo. Ad accompagnare il Mamuthone nel suo viaggio c\u2019\u00e8 un Gigante di Mont\u2019e Prama: tanti sono i riferimenti che si intrecciano nella Sardegna dei nuraghi, delle spiagge, dei boschi, dei costumi, e dei centenari. Suggestioni che accompagnano lo spettatore nel passaggio dalla narrazione fantastica al reale, dove una madre, nel finale dello spot, termina di leggere alla figlia un racconto straordinario sull\u2019Isola.<\/p>\n\n\n\n<p>Lo spot, che sta contribuendo a promuovere la Sardegna nei pi\u00f9 importanti ambiti turistici internazionali, \u00e8 attualmente in distribuzione sui social media e sulle principali emittenti televisive del mercato americano ed europeo, tra cui spiccano Cnn e Bbc. Lo spot racconta una Sardegna reale, quella capace di incantare i turisti grazie alle sue bellezze paesaggistiche e alla cultura millenaria, raccontate nel video della durata di 90 secondi (cui si aggiunge la declinazione a 30 secondi).<\/p>\n\n\n\n<p>L\u2019opera porta la firma di un team di creativi sardi, a partire dalla regia di Manuele Trullu, la produzione di Andrea Iannelli, la direzione creativa di Massimo Moi, la fotografia di Francesco Piras, le musiche di Flavio Ibba, insieme a tante altre figure che hanno contribuito alla realizzazione. Com<\/p>\n","protected":false},"excerpt":{"rendered":"<p>Cagliari, 7 Apr 2023\u00a0\u2013 Sei premi sul podio del Mediastars: tanti sono i riconoscimenti che lo spot \u201cSardegna, un mondo straordinario\u201d, promosso dalla Presidenza della&#8230;<\/p>\n","protected":false},"author":2,"featured_media":12986,"comment_status":"closed","ping_status":"open","sticky":false,"template":"","format":"standard","meta":[],"categories":[49,52],"tags":[],"_links":{"self":[{"href":"https:\/\/www.cronacaonline.it\/index.php\/wp-json\/wp\/v2\/posts\/234424"}],"collection":[{"href":"https:\/\/www.cronacaonline.it\/index.php\/wp-json\/wp\/v2\/posts"}],"about":[{"href":"https:\/\/www.cronacaonline.it\/index.php\/wp-json\/wp\/v2\/types\/post"}],"author":[{"embeddable":true,"href":"https:\/\/www.cronacaonline.it\/index.php\/wp-json\/wp\/v2\/users\/2"}],"replies":[{"embeddable":true,"href":"https:\/\/www.cronacaonline.it\/index.php\/wp-json\/wp\/v2\/comments?post=234424"}],"version-history":[{"count":1,"href":"https:\/\/www.cronacaonline.it\/index.php\/wp-json\/wp\/v2\/posts\/234424\/revisions"}],"predecessor-version":[{"id":234425,"href":"https:\/\/www.cronacaonline.it\/index.php\/wp-json\/wp\/v2\/posts\/234424\/revisions\/234425"}],"wp:featuredmedia":[{"embeddable":true,"href":"https:\/\/www.cronacaonline.it\/index.php\/wp-json\/wp\/v2\/media\/12986"}],"wp:attachment":[{"href":"https:\/\/www.cronacaonline.it\/index.php\/wp-json\/wp\/v2\/media?parent=234424"}],"wp:term":[{"taxonomy":"category","embeddable":true,"href":"https:\/\/www.cronacaonline.it\/index.php\/wp-json\/wp\/v2\/categories?post=234424"},{"taxonomy":"post_tag","embeddable":true,"href":"https:\/\/www.cronacaonline.it\/index.php\/wp-json\/wp\/v2\/tags?post=234424"}],"curies":[{"name":"wp","href":"https:\/\/api.w.org\/{rel}","templated":true}]}}