{"id":234415,"date":"2023-04-06T16:44:29","date_gmt":"2023-04-06T14:44:29","guid":{"rendered":"https:\/\/www.cronacaonline.it\/?p=234415"},"modified":"2023-04-06T16:44:31","modified_gmt":"2023-04-06T14:44:31","slug":"sardegna-sistema-ferroviario-nel-caos-dichiarazione-dellon-silvio-lai-pd-mai-chiesta-una-progettazione-complessiva","status":"publish","type":"post","link":"https:\/\/www.cronacaonline.it\/index.php\/2023\/04\/06\/sardegna-sistema-ferroviario-nel-caos-dichiarazione-dellon-silvio-lai-pd-mai-chiesta-una-progettazione-complessiva\/","title":{"rendered":"Sardegna, sistema ferroviario nel caos: dichiarazione dell\u2019on Silvio Lai (PD): mai chiesta una progettazione complessiva?"},"content":{"rendered":"\n<p>Roma, 6 Apr 2023 - Lotta ai mutamenti climatici, transizione ecologica, sviluppo sostenibile e poi in Sardegna ti ritrovi una rete ferroviaria che ci riporta indietro al secolo scorso. Nelle tratte da Cagliari a Sassari ed Olbia si viaggia ad una media di 70 km orari ed il percorso, sui complessivi 300 km, \u00e8 elettrificato per soli 10 km ed \u00e8 doppio per 30 km.\u00a0\u00c8\u00a0evidente che c\u2019\u00e8 un gap infrastrutturale che da tempo i Sindaci, a sostegno di un comitato civico che si \u00e8 costituito, sollecitano perch\u00e9 venga affrontato a cominciare dal collegamento con la citt\u00e0 di Nuoro, unico capoluogo di provincia nazionale non connesso.\u00a0<\/p>\n\n\n\n<p>Un gap che costringe e obbliga, per garantire ogni tipo di accesso ai servizi pubblici, a partire da quelli sanitari per concludere con quelli relativi all\u2019accesso a quelli giudiziari, all\u2019utilizzo del trasporto privato su gomma, con conseguenti gravi limitazioni nei diritti individuali oltre che maggiori rischi e costi. Peraltro, colpevolmente, si rileva il mancato inserimento all\u2019interno della programmazione del PNRR di qualunque infrastruttura ferroviaria per la Sardegna.&nbsp;<\/p>\n\n\n\n<p>Per questo, con una specifica interrogazione parlamentare, ho chiesto a Matteo Salvini se \u00e8 stato informato dal presidente della Sardegna di questa situazione disastrosa e se esiste o \u00e8 stata chiesta formalmente una progettazione esecutiva RFI sulla rete ferroviaria sarda od in alternativa una iniziativa specifica del governo peraltro gi\u00e0 sollecitato da ordini del giorno approvati dalla Camera. Perch\u00e9 se la rete in Sardegna \u00e8 fuori dal PNRR pu\u00f2 essere solo perch\u00e9 non esiste una tale progettazione e non si ha la una valutazione precisa dei lotti e dei costi previsti.\u201d<\/p>\n\n\n\n<p>In sostanza si tratterebbe di capire se la Regione ha mai chiesto anche solo di progettare e di capire il costo necessario per percorre la Cagliari Sassari Olbia almeno a 200 km orari non ai 300 dell\u2019alta velocit\u00e0 perch\u00e9 se non ci fosse neanche una richiesta sarebbe scandaloso.<\/p>\n\n\n\n<p>\u201cE, aggiungo, mi chiedo se Governo e Regione si stiano parlando perch\u00e9 emerge non solo l\u2019assenza di una richiesta della sola progettazione ma dall\u2019altra parte si annunciano interventi della Regione su treni ad idrogeno che ad oggi non sono coerenti con l\u2019integrazione tra rete regionale e rete nazionale. A partire da Nuoro per il cui collegamento si chiede che entri nella rete ferroviaria nazionale e dall\u2019altra se ne progetta il mantenimento in quella Arst con un progetto milionario su cui RFI non sa nulla ne condivide la tecnologia che non sta sperimentando.<\/p>\n\n\n\n<p>O \u00e8 insipienza o \u00e8 follia, delle tue l\u2019una, in ogni caso sempre lacrime nostre\u201d. Com<\/p>\n","protected":false},"excerpt":{"rendered":"<p>Roma, 6 Apr 2023 &#8211; Lotta ai mutamenti climatici, transizione ecologica, sviluppo sostenibile e poi in Sardegna ti ritrovi una rete ferroviaria che ci riporta&#8230;<\/p>\n","protected":false},"author":2,"featured_media":226125,"comment_status":"closed","ping_status":"open","sticky":false,"template":"","format":"standard","meta":[],"categories":[49,52],"tags":[],"_links":{"self":[{"href":"https:\/\/www.cronacaonline.it\/index.php\/wp-json\/wp\/v2\/posts\/234415"}],"collection":[{"href":"https:\/\/www.cronacaonline.it\/index.php\/wp-json\/wp\/v2\/posts"}],"about":[{"href":"https:\/\/www.cronacaonline.it\/index.php\/wp-json\/wp\/v2\/types\/post"}],"author":[{"embeddable":true,"href":"https:\/\/www.cronacaonline.it\/index.php\/wp-json\/wp\/v2\/users\/2"}],"replies":[{"embeddable":true,"href":"https:\/\/www.cronacaonline.it\/index.php\/wp-json\/wp\/v2\/comments?post=234415"}],"version-history":[{"count":1,"href":"https:\/\/www.cronacaonline.it\/index.php\/wp-json\/wp\/v2\/posts\/234415\/revisions"}],"predecessor-version":[{"id":234417,"href":"https:\/\/www.cronacaonline.it\/index.php\/wp-json\/wp\/v2\/posts\/234415\/revisions\/234417"}],"wp:featuredmedia":[{"embeddable":true,"href":"https:\/\/www.cronacaonline.it\/index.php\/wp-json\/wp\/v2\/media\/226125"}],"wp:attachment":[{"href":"https:\/\/www.cronacaonline.it\/index.php\/wp-json\/wp\/v2\/media?parent=234415"}],"wp:term":[{"taxonomy":"category","embeddable":true,"href":"https:\/\/www.cronacaonline.it\/index.php\/wp-json\/wp\/v2\/categories?post=234415"},{"taxonomy":"post_tag","embeddable":true,"href":"https:\/\/www.cronacaonline.it\/index.php\/wp-json\/wp\/v2\/tags?post=234415"}],"curies":[{"name":"wp","href":"https:\/\/api.w.org\/{rel}","templated":true}]}}