{"id":234413,"date":"2023-04-06T16:19:17","date_gmt":"2023-04-06T14:19:17","guid":{"rendered":"https:\/\/www.cronacaonline.it\/?p=234413"},"modified":"2023-04-06T16:19:20","modified_gmt":"2023-04-06T14:19:20","slug":"caserme-assessore-saiu-12-milioni-di-euro-per-ventiquattro-interventi","status":"publish","type":"post","link":"https:\/\/www.cronacaonline.it\/index.php\/2023\/04\/06\/caserme-assessore-saiu-12-milioni-di-euro-per-ventiquattro-interventi\/","title":{"rendered":"Caserme, Assessore Saiu: 12 milioni di euro per ventiquattro interventi."},"content":{"rendered":"\n<p>Cagliari, 6 Apr 2023 \u2013\u00a0La Giunta Solinas, su proposto dell\u2019assessore dei Lavori Pubblici, Pierluigi Saiu, ha approvato la delibera per la destinazione di 12 milioni di euro, gi\u00e0 stanziati dalla Regione, per l\u2019attuazione di interventi di manutenzione e di riqualificazione delle caserme dei Carabinieri su tutto il territorio regionale, nonch\u00e9 per la realizzazione di nuovi edifici o l\u2019adeguamento di immobili da destinare ai presidi territoriali dell\u2019Arma.<\/p>\n\n\n\n<p>\u201cLa Regione \u2013 dichiara il Presidente della Regione Sardegna \u2013 conferma gli impegni presi sugli investimenti a favore delle caserme dei Carabinieri. L\u2019Arma rappresenta un presidio fondamentale per la sicurezza pubblica sul nostro territorio. \u00c8 doveroso, quindi, mettere in campo ogni iniziativa possibile che abbia l\u2019obiettivo di sostenerne e rafforzarne la presenza nell\u2019Isola. In questa direzione vanno i protocolli di intesa siglati tra la Regione e il Comando regionale dell\u2019Arma a cui stiamo dando piena operativit\u00e0\u201d.<\/p>\n\n\n\n<p>Complessivamente sono ventiquattro gli interventi indicati nel provvedimento di Giunta per altrettante caserme su tutto il territorio: Santa Maria la Palma, Foresta Burgos, Ortueri (dove \u00e8 prevista la demolizione di un\u2019ala dell\u2019edificio gi\u00e0 sede della scuola media e la realizzazione ex-novo del fabbricato da destinare all\u2019Arma), Orani, Sindia, Lanusei, Bosa, Aidomaggiore, Bari Sardo, Gavoi, Sorso, Golfo Aranci, Viallanova Tulo, Nurri, Asuni, Galtell\u00ec, Orune, i Comandi provinciali di Nuoro, Carbonia, Jerzu e Isili, nonch\u00e9 le stazioni di Sinnai, Burcei e Villaputzu (per queste ultime tre \u00e8 prevista la realizzazione di nuove sedi).<\/p>\n\n\n\n<p>\u201cParliamo di opere di interesse regionale \u2013 dichiara l\u2019assessore Saiu \u2013 per cui sono state stanziate risorse importanti che consentiranno la realizzazione di nuove strutture e l\u2019efficientamento energetico e il recupero conservativo degli edifici gi\u00e0 in uso ai Carabinieri. Un giusto sostegno da parte della Regione al lavoro dell\u2019Arma e dei tantissimi uomini e donne in servizio nell\u2019Isola, punto di riferimento per le comunit\u00e0 del nostro territorio\u201d.&nbsp;Com<\/p>\n","protected":false},"excerpt":{"rendered":"<p>Cagliari, 6 Apr 2023 \u2013\u00a0La Giunta Solinas, su proposto dell\u2019assessore dei Lavori Pubblici, Pierluigi Saiu, ha approvato la delibera per la destinazione di 12 milioni&#8230;<\/p>\n","protected":false},"author":2,"featured_media":232442,"comment_status":"closed","ping_status":"open","sticky":false,"template":"","format":"standard","meta":[],"categories":[49,52],"tags":[],"_links":{"self":[{"href":"https:\/\/www.cronacaonline.it\/index.php\/wp-json\/wp\/v2\/posts\/234413"}],"collection":[{"href":"https:\/\/www.cronacaonline.it\/index.php\/wp-json\/wp\/v2\/posts"}],"about":[{"href":"https:\/\/www.cronacaonline.it\/index.php\/wp-json\/wp\/v2\/types\/post"}],"author":[{"embeddable":true,"href":"https:\/\/www.cronacaonline.it\/index.php\/wp-json\/wp\/v2\/users\/2"}],"replies":[{"embeddable":true,"href":"https:\/\/www.cronacaonline.it\/index.php\/wp-json\/wp\/v2\/comments?post=234413"}],"version-history":[{"count":1,"href":"https:\/\/www.cronacaonline.it\/index.php\/wp-json\/wp\/v2\/posts\/234413\/revisions"}],"predecessor-version":[{"id":234414,"href":"https:\/\/www.cronacaonline.it\/index.php\/wp-json\/wp\/v2\/posts\/234413\/revisions\/234414"}],"wp:featuredmedia":[{"embeddable":true,"href":"https:\/\/www.cronacaonline.it\/index.php\/wp-json\/wp\/v2\/media\/232442"}],"wp:attachment":[{"href":"https:\/\/www.cronacaonline.it\/index.php\/wp-json\/wp\/v2\/media?parent=234413"}],"wp:term":[{"taxonomy":"category","embeddable":true,"href":"https:\/\/www.cronacaonline.it\/index.php\/wp-json\/wp\/v2\/categories?post=234413"},{"taxonomy":"post_tag","embeddable":true,"href":"https:\/\/www.cronacaonline.it\/index.php\/wp-json\/wp\/v2\/tags?post=234413"}],"curies":[{"name":"wp","href":"https:\/\/api.w.org\/{rel}","templated":true}]}}