{"id":234410,"date":"2023-04-06T13:08:43","date_gmt":"2023-04-06T11:08:43","guid":{"rendered":"https:\/\/www.cronacaonline.it\/?p=234410"},"modified":"2023-04-06T13:08:45","modified_gmt":"2023-04-06T11:08:45","slug":"turismo-assessore-chessa-promuove-il-bosa-beer-fest-una-delle-iniziative-di-promozione-turistica-di-grande-qualita-e-forte-richiamo-per-i-turisti","status":"publish","type":"post","link":"https:\/\/www.cronacaonline.it\/index.php\/2023\/04\/06\/turismo-assessore-chessa-promuove-il-bosa-beer-fest-una-delle-iniziative-di-promozione-turistica-di-grande-qualita-e-forte-richiamo-per-i-turisti\/","title":{"rendered":"Turismo: assessore Chessa promuove il \u201cBosa Beer Fest\u201d, una delle iniziative di promozione turistica di grande qualit\u00e0 e forte richiamo per i turisti."},"content":{"rendered":"\n<p>Cagliari 6 Apr 2023 -\u00a0\u00c8 una delle tante proposte che si aggiungono alle varie offerte dell\u2019estate e di tutto l'anno. Lo ha detto l\u2019Assessore del Turismo, Gianni Chessa nel corso della presentazione della settima edizione del \u201cBosa Beer Fest\u201d, ormai considerato il pi\u00f9 grande e partecipato festival dedicato alla birra artigianale in Italia.<\/p>\n\n\n\n<p>\u201cPresentiamo ancora un'altra iniziativa di promozione turistica \u2013 ha proseguito l\u2019assessore Chessa&nbsp;che si svolger\u00e0 a Bosa in un periodo di spalla. La stagione sta partendo bene. Questo Festival rientra tra le oltre 230 iniziative che ci saranno in Sardegna. Rientra tra le iniziative che hanno una promozione e una visibilit\u00e0 diversa di ci\u00f2 che vuole offrire la Sardegna ai turisti. Noi abbiamo bisogno anche di accarezzare questo sogno che \u00e8 quello di andare oltre il mare. \u00c8 una delle tante proposte che si aggiungono alle varie offerte.\u201d \u201cQuesta, ha concluso l\u2019esponente della Giunta sarda, sar\u00e0 una stagione record. Ci sono gi\u00e0 tanti turisti e dobbiamo dare servizi. E questo Festival in programma a Bosa \u00e8 uno dei tanti modi per dare servizi e offrire supporto, un servizio diverso, di qualit\u00e0 certificata molto apprezzato e di forte richiamo turistico. Mare, enogastronomia, tradizione, cultura. Questa \u00e8 la strada giusta da percorrere. Dobbiamo rafforzare questo concetto e dobbiamo far sapere al mondo che queste iniziative servono a far apparire la Sardegna viva e accessibile tutto l'anno.\u201d<\/p>\n\n\n\n<p>La grande novit\u00e0 di quest'anno \u00e8 caratterizzata dal Concorso Birrario Top of The Hops che vedr\u00e0 in competizione i trenta birrifici partecipanti. Il Bosa Beer Fest \u00e8 un evento che \u00e8 cresciuto negli anni e che nella scorsa edizione ha registrato numeri da record con un tutto esaurito nel settore ricettivo. Com<\/p>\n","protected":false},"excerpt":{"rendered":"<p>Cagliari 6 Apr 2023 &#8211;\u00a0\u00c8 una delle tante proposte che si aggiungono alle varie offerte dell\u2019estate e di tutto l&#8217;anno. Lo ha detto l\u2019Assessore del&#8230;<\/p>\n","protected":false},"author":2,"featured_media":234411,"comment_status":"closed","ping_status":"open","sticky":false,"template":"","format":"standard","meta":[],"categories":[49,52],"tags":[],"_links":{"self":[{"href":"https:\/\/www.cronacaonline.it\/index.php\/wp-json\/wp\/v2\/posts\/234410"}],"collection":[{"href":"https:\/\/www.cronacaonline.it\/index.php\/wp-json\/wp\/v2\/posts"}],"about":[{"href":"https:\/\/www.cronacaonline.it\/index.php\/wp-json\/wp\/v2\/types\/post"}],"author":[{"embeddable":true,"href":"https:\/\/www.cronacaonline.it\/index.php\/wp-json\/wp\/v2\/users\/2"}],"replies":[{"embeddable":true,"href":"https:\/\/www.cronacaonline.it\/index.php\/wp-json\/wp\/v2\/comments?post=234410"}],"version-history":[{"count":1,"href":"https:\/\/www.cronacaonline.it\/index.php\/wp-json\/wp\/v2\/posts\/234410\/revisions"}],"predecessor-version":[{"id":234412,"href":"https:\/\/www.cronacaonline.it\/index.php\/wp-json\/wp\/v2\/posts\/234410\/revisions\/234412"}],"wp:featuredmedia":[{"embeddable":true,"href":"https:\/\/www.cronacaonline.it\/index.php\/wp-json\/wp\/v2\/media\/234411"}],"wp:attachment":[{"href":"https:\/\/www.cronacaonline.it\/index.php\/wp-json\/wp\/v2\/media?parent=234410"}],"wp:term":[{"taxonomy":"category","embeddable":true,"href":"https:\/\/www.cronacaonline.it\/index.php\/wp-json\/wp\/v2\/categories?post=234410"},{"taxonomy":"post_tag","embeddable":true,"href":"https:\/\/www.cronacaonline.it\/index.php\/wp-json\/wp\/v2\/tags?post=234410"}],"curies":[{"name":"wp","href":"https:\/\/api.w.org\/{rel}","templated":true}]}}