{"id":234389,"date":"2023-04-05T18:19:31","date_gmt":"2023-04-05T16:19:31","guid":{"rendered":"https:\/\/www.cronacaonline.it\/?p=234389"},"modified":"2023-04-05T18:19:33","modified_gmt":"2023-04-05T16:19:33","slug":"vinitaly-ledizione-2023-si-chiude-con-grande-successo-per-la-sardegna","status":"publish","type":"post","link":"https:\/\/www.cronacaonline.it\/index.php\/2023\/04\/05\/vinitaly-ledizione-2023-si-chiude-con-grande-successo-per-la-sardegna\/","title":{"rendered":"Vinitaly, l\u2019edizione 2023 si chiude con grande successo per la Sardegna."},"content":{"rendered":"\n<p>Cagliari, 5 aprile 2023\u00a0\u2013 Volge al termine l\u2019edizione 2023 del Vinitaly, la 55esima, che ha registrato un grande successo per le produzioni isolane. \u201cSiamo estremamente orgogliosi dei risultati riportati dalla Sardegna a questa edizione di Vinitaly, vetrina internazionale di prestigio grazie alla quale i nostri produttori si fanno apprezzare dalle migliaia di visitatori e buyers che arrivano da ogni parte del mondo\u201d afferma il Presidente della Regione Sardegna. \u201cIl vino sardo conquista infatti sempre pi\u00f9 amatori, grazie alla sua unicit\u00e0 dettata dalle peculiari caratteristiche ambientali dei nostri territori. La Sardegna merita tutta l\u2019attenzione che in questo momento riceve dai mercati europei ed extraeuropei, anche quelli emergenti di Cina e Giappone\u201d.<\/p>\n\n\n\n<p>Tanti i visitatori negli oltre 1.700 metri quadri dello stand della Regione Sardegna, che ha ospitato 72 cantine, delle 110 arrivate dall\u2019Isola a Verona. 79 sono stati i vini sardi premiati e segnalati nella guida 5Stars Wine \u2013 the book 2024 e Wine Without Walls di Vinitaly, tra questi il Vermentino di Gallura Docg. Particolare attenzione merita anche la nascita del Consorzio della Vernaccia di Oristano Doc. Si sono distinti anche i vini del Mandrolisai, area che potrebbe presto vedere l\u2019istituzione di un altro consorzio per i vitigni dei suoi territori, in prevalenza Bovale, Cannonau e Monica.<\/p>\n\n\n\n<p>Il Premio \u201cAngelo Betti\u201d, che viene assegnato su indicazione degli Assessori dell\u2019Agricoltura delle varie Regioni, \u00e8 stato assegnato in questa edizione alla Cantina di Santadi di Antonio Pilloni: l\u2019Assessore Valeria Satta ha voluto premiare l\u2019impegno e la tenacia dell\u2019imprenditore sulcitano, attivo dal 1974.<\/p>\n\n\n\n<p>\u201cSiamo molto soddisfatti dei risultati del Vinitaly 2023 \u2013 dichiara l\u2019assessore dell\u2019Agricoltura, Valeria Satta - Le nostre aziende, sia quelle presenti in collettiva che quelle esterne, hanno visto ripagato l'impegno di un anno di lavoro in questo importante contesto. L'incredibile affluenza agli stand della Sardegna e il plauso ai nostri prodotti testimoniano la crescita del settore nell\u2019isola. Abbiamo in programma di migliorare ed aumentare gli spazi espositivi, ma parliamo di forma, perch\u00e9 la sostanza delle nostre qualit\u00e0 c'\u00e8 gi\u00e0 tutta ed \u00e8 in continuo crescendo\u201d.&nbsp;Com<\/p>\n","protected":false},"excerpt":{"rendered":"<p>Cagliari, 5 aprile 2023\u00a0\u2013 Volge al termine l\u2019edizione 2023 del Vinitaly, la 55esima, che ha registrato un grande successo per le produzioni isolane. \u201cSiamo estremamente&#8230;<\/p>\n","protected":false},"author":2,"featured_media":233188,"comment_status":"closed","ping_status":"open","sticky":false,"template":"","format":"standard","meta":[],"categories":[49,52],"tags":[],"_links":{"self":[{"href":"https:\/\/www.cronacaonline.it\/index.php\/wp-json\/wp\/v2\/posts\/234389"}],"collection":[{"href":"https:\/\/www.cronacaonline.it\/index.php\/wp-json\/wp\/v2\/posts"}],"about":[{"href":"https:\/\/www.cronacaonline.it\/index.php\/wp-json\/wp\/v2\/types\/post"}],"author":[{"embeddable":true,"href":"https:\/\/www.cronacaonline.it\/index.php\/wp-json\/wp\/v2\/users\/2"}],"replies":[{"embeddable":true,"href":"https:\/\/www.cronacaonline.it\/index.php\/wp-json\/wp\/v2\/comments?post=234389"}],"version-history":[{"count":1,"href":"https:\/\/www.cronacaonline.it\/index.php\/wp-json\/wp\/v2\/posts\/234389\/revisions"}],"predecessor-version":[{"id":234390,"href":"https:\/\/www.cronacaonline.it\/index.php\/wp-json\/wp\/v2\/posts\/234389\/revisions\/234390"}],"wp:featuredmedia":[{"embeddable":true,"href":"https:\/\/www.cronacaonline.it\/index.php\/wp-json\/wp\/v2\/media\/233188"}],"wp:attachment":[{"href":"https:\/\/www.cronacaonline.it\/index.php\/wp-json\/wp\/v2\/media?parent=234389"}],"wp:term":[{"taxonomy":"category","embeddable":true,"href":"https:\/\/www.cronacaonline.it\/index.php\/wp-json\/wp\/v2\/categories?post=234389"},{"taxonomy":"post_tag","embeddable":true,"href":"https:\/\/www.cronacaonline.it\/index.php\/wp-json\/wp\/v2\/tags?post=234389"}],"curies":[{"name":"wp","href":"https:\/\/api.w.org\/{rel}","templated":true}]}}