{"id":234379,"date":"2023-04-05T16:58:29","date_gmt":"2023-04-05T14:58:29","guid":{"rendered":"https:\/\/www.cronacaonline.it\/?p=234379"},"modified":"2023-04-05T16:58:32","modified_gmt":"2023-04-05T14:58:32","slug":"consiglio-sardegna-commissioni-sanita-e-lavoro-audizioni-sui-contratti-dei-lavoratori-impegnati-nel-project-financing-della-sanita-nuorese","status":"publish","type":"post","link":"https:\/\/www.cronacaonline.it\/index.php\/2023\/04\/05\/consiglio-sardegna-commissioni-sanita-e-lavoro-audizioni-sui-contratti-dei-lavoratori-impegnati-nel-project-financing-della-sanita-nuorese\/","title":{"rendered":"Consiglio Sardegna &#8211; Commissioni Sanit\u00e0 e Lavoro: audizioni sui contratti dei lavoratori impegnati nel \u201cProject Financing\u201d della sanit\u00e0 nuorese."},"content":{"rendered":"\n<p>Cagliari, 5 Apr 2023 \u2013 Le commissioni Sanit\u00e0 e Lavoro (presiedute rispettivamente da Antonio Mario Mundula e Sara Canu-Fdi) hanno dedicato una seduta congiunta all\u2019esame dei problemi contrattuali dei lavoratori impegnati nel \u201cproject financing\u201d della sanit\u00e0 nuorese, che prevede interventi negli ospedali San Francesco e Zonchello (Nuoro), San Camillo (Sorgono) e nei presidi distrettuali di Macomer e Siniscola.<\/p>\n\n\n\n<p>Come ha spiegato in apertura il consigliere di Alleanza Europa Verde Daniele Cocco, uno dei promotori della riunione, si tratta di porre rimedio prima possibile alla situazione di circa 60 lavoratori della Asl 3 che, dopo l\u2019aggiudicazione di una gara della Regione, hanno subito pesanti tagli, dalla 14esima mensilit\u00e0 ad altre voci della retribuzione, pari ad oltre il 30% dello stipendio netto. Purtroppo non \u00e8 il primo contratto peggiorativo e non succede solo a Nuoro, ha concluso, ma la Regione non pu\u00f2 assolutamente accettare condizioni di lavoro \u201cpovero\u201d.&nbsp;&nbsp;&nbsp;&nbsp;<\/p>\n\n\n\n<p>L\u2019applicazione dei contratti, ha poi precisato il direttore generale dell\u2019Asl 3 di Nuoro Paolo Cannas, dipende dai criteri previsti nei bandi e, da questo punto di vista, i margini sono piuttosto stretti, fatta eccezione per alcune osservazioni sul capitolato legate a possibili estensioni dei servizi. Siamo disponibili, ha concluso, ma in un quadro legittimo e condiviso.<\/p>\n\n\n\n<p>Successivamente hanno preso la parola diversi consiglieri regionali: Francesco Agus ed Antonio Piu (Progressisti), Franco Mula e Domenico Gallus (Psd\u2019Az), Piero Comandini&nbsp; (Pd), Francesco Stara (Udc-Sardegna al Centro), Desir\u00e8 Manca (M5S), Alessandra Zedda (Forza Italia), ed Annalista Mele (Riformatori). I rappresentanti dei gruppi, pur inquadrando il problema da diverse angolazioni hanno sottolineato che sul problema, aperto dalla precedente legislatura, il Consiglio \u00e8 intervenuto pi\u00f9 volte, anche con atti legislativi (fra questi, una norma che introduce la c.d. \u201ccontinuit\u00e0 retributiva\u201d). Purtroppo, per\u00f2, non si \u00e8 riusciti ad individuare soluzioni solide perch\u00e9 il principale riferimento giuridico \u00e8 una normativa nazionale che consente le gare \u201cal massimo ribasso\u201d e, in seconda battuta, l\u2019applicazione di contratti svantaggiosi, corretti parzialmente in alcuni casi dalla contrattazione di secondo livello o da sentenze che hanno accolto le istanze dei lavoratori.<\/p>\n\n\n\n<p>L\u2019assessore del Lavoro Ada Lai, dopo aver ricordato che in tutte le delibere del settore c\u2019\u00e8 l\u2019esplicito riferimento al \u201clavoro sostenibile\u201d e che \u00e8 precisa scelta della Regione non sostenere i \u201clavoretti\u201d, si \u00e8 impegnata a presentare subito dopo la pausa pasquale uno studio tecnico-giuridico sulla materia ed una serie di proposte operative.<\/p>\n\n\n\n<p>La commissione si \u00e8 poi occupata della Proposta di legge n.313 (Cocciu e pi\u00f9) sulla fibromalgia, per verificare la possibilit\u00e0 di darle copertura finanziaria con uno primo stanziamento di 500.000 euro proveniente dal capitolo \u201cExtra Lea\u201d. La malattia infatti, pur essendo molto invalidante, non fa parte dei Lea (Livelli essenziali di assistenza) e quindi le Regioni che intendono intervenire devono farlo con risorse dei loro bilanci.&nbsp;&nbsp;<\/p>\n\n\n\n<p>Il consigliere Stefano Tunis, infine, ha illustrato alla commissione la Proposta di legge n.13 (della quale \u00e8 firmatario) in materia di adozioni e affidi. Com<\/p>\n","protected":false},"excerpt":{"rendered":"<p>Cagliari, 5 Apr 2023 \u2013 Le commissioni Sanit\u00e0 e Lavoro (presiedute rispettivamente da Antonio Mario Mundula e Sara Canu-Fdi) hanno dedicato una seduta congiunta all\u2019esame&#8230;<\/p>\n","protected":false},"author":2,"featured_media":192512,"comment_status":"closed","ping_status":"open","sticky":false,"template":"","format":"standard","meta":[],"categories":[49,52],"tags":[],"_links":{"self":[{"href":"https:\/\/www.cronacaonline.it\/index.php\/wp-json\/wp\/v2\/posts\/234379"}],"collection":[{"href":"https:\/\/www.cronacaonline.it\/index.php\/wp-json\/wp\/v2\/posts"}],"about":[{"href":"https:\/\/www.cronacaonline.it\/index.php\/wp-json\/wp\/v2\/types\/post"}],"author":[{"embeddable":true,"href":"https:\/\/www.cronacaonline.it\/index.php\/wp-json\/wp\/v2\/users\/2"}],"replies":[{"embeddable":true,"href":"https:\/\/www.cronacaonline.it\/index.php\/wp-json\/wp\/v2\/comments?post=234379"}],"version-history":[{"count":1,"href":"https:\/\/www.cronacaonline.it\/index.php\/wp-json\/wp\/v2\/posts\/234379\/revisions"}],"predecessor-version":[{"id":234380,"href":"https:\/\/www.cronacaonline.it\/index.php\/wp-json\/wp\/v2\/posts\/234379\/revisions\/234380"}],"wp:featuredmedia":[{"embeddable":true,"href":"https:\/\/www.cronacaonline.it\/index.php\/wp-json\/wp\/v2\/media\/192512"}],"wp:attachment":[{"href":"https:\/\/www.cronacaonline.it\/index.php\/wp-json\/wp\/v2\/media?parent=234379"}],"wp:term":[{"taxonomy":"category","embeddable":true,"href":"https:\/\/www.cronacaonline.it\/index.php\/wp-json\/wp\/v2\/categories?post=234379"},{"taxonomy":"post_tag","embeddable":true,"href":"https:\/\/www.cronacaonline.it\/index.php\/wp-json\/wp\/v2\/tags?post=234379"}],"curies":[{"name":"wp","href":"https:\/\/api.w.org\/{rel}","templated":true}]}}