{"id":234375,"date":"2023-04-05T15:26:02","date_gmt":"2023-04-05T13:26:02","guid":{"rendered":"https:\/\/www.cronacaonline.it\/?p=234375"},"modified":"2023-04-05T15:26:05","modified_gmt":"2023-04-05T13:26:05","slug":"dichiarazione-del-deputato-sassarese-silvio-lai-pd-parco-asinara-senza-vertici-dal-1-marzo-solo-ordinaria-amministrazione-riprende-balletto-poltrone-tra-governo-e-giunta-sarda","status":"publish","type":"post","link":"https:\/\/www.cronacaonline.it\/index.php\/2023\/04\/05\/dichiarazione-del-deputato-sassarese-silvio-lai-pd-parco-asinara-senza-vertici-dal-1-marzo-solo-ordinaria-amministrazione-riprende-balletto-poltrone-tra-governo-e-giunta-sarda\/","title":{"rendered":"Dichiarazione del Deputato sassarese Silvio Lai (Pd): Parco Asinara senza vertici dal 1 marzo, solo ordinaria amministrazione riprende balletto poltrone tra Governo e Giunta sarda."},"content":{"rendered":"\n<p>Roma, 5 Apr 2023 - \u201cAl Parco dell'Asinara siamo al paradosso. Il governo Meloni infatti ha fatta decadere, dal primo marzo, per decorrenza dei termini, il Commissario del Parco senza provvedere alla sua sostituzione\u201d. Cos\u00ec inizia l\u2019atto d\u2019accusa del parlamentare del Partito Democratico della commissione bilancio Silvio Lai. \u201cErgo il Parco \u00e8 senza rappresentante legale e in un periodo cos\u00ec importante della stagione non dispone di una guida per assumere decisioni organizzative e strategiche anche ai fini della promozione turistica e della tutela. Un grave danno di immagine ed economico che riafferma, se mai ve ne fosse bisogno, dell'assoluta inconsistenza della giunta della Sardegna nei palazzi istituzionali e governativi visto che si sarebbe potuto giungere a soluzione, nel rispetto della norma, a fronte di un accordo tra Regione e governo gi\u00e0 prima del commissariamento o in questi cinque mesi nei quali i selfie con il vicepremier Salvini sono stati frequenti quanto improduttivi.\u201d \u201cPerch\u00e9 non \u00e8 avvenuto? Sciatteria o perch\u00e9 non c'\u00e8 stata intesa sul nome da proporre? Sul balletto delle poltrone, tra dimissioni e rimozioni, il presidente sardo ha dato il meglio di se in oltre 4 anni. Che poi il parco naturale nazionale dell\u2019Asinara non sia in cima ai suoi interessi lo dimostra il ritardo con cui ha nominato la comunit\u00e0 del Parco dopo oltre tre anni e mezzo dall\u2019inizio della legislatura.<br>Come al solito a pagarla sar\u00e0 la comunit\u00e0 sarda e gli operatori del territorio che attraverso Il Parco presentava il suo biglietto da visita e che ora \u00e8 ridotto all\u2019ordinaria amministrazione. Noi da parte nostra con il deposito di una interrogazione inizieremo una battaglia vigilando perch\u00e9 il governo non perda tempo e dia un presidente, o riconfermi il commissario, al Parco dell\u2019Asinara\u201d. Red<\/p>\n","protected":false},"excerpt":{"rendered":"<p>Roma, 5 Apr 2023 &#8211; \u201cAl Parco dell&#8217;Asinara siamo al paradosso. Il governo Meloni infatti ha fatta decadere, dal primo marzo, per decorrenza dei termini,&#8230;<\/p>\n","protected":false},"author":2,"featured_media":136002,"comment_status":"closed","ping_status":"open","sticky":false,"template":"","format":"standard","meta":[],"categories":[49,52],"tags":[],"_links":{"self":[{"href":"https:\/\/www.cronacaonline.it\/index.php\/wp-json\/wp\/v2\/posts\/234375"}],"collection":[{"href":"https:\/\/www.cronacaonline.it\/index.php\/wp-json\/wp\/v2\/posts"}],"about":[{"href":"https:\/\/www.cronacaonline.it\/index.php\/wp-json\/wp\/v2\/types\/post"}],"author":[{"embeddable":true,"href":"https:\/\/www.cronacaonline.it\/index.php\/wp-json\/wp\/v2\/users\/2"}],"replies":[{"embeddable":true,"href":"https:\/\/www.cronacaonline.it\/index.php\/wp-json\/wp\/v2\/comments?post=234375"}],"version-history":[{"count":1,"href":"https:\/\/www.cronacaonline.it\/index.php\/wp-json\/wp\/v2\/posts\/234375\/revisions"}],"predecessor-version":[{"id":234376,"href":"https:\/\/www.cronacaonline.it\/index.php\/wp-json\/wp\/v2\/posts\/234375\/revisions\/234376"}],"wp:featuredmedia":[{"embeddable":true,"href":"https:\/\/www.cronacaonline.it\/index.php\/wp-json\/wp\/v2\/media\/136002"}],"wp:attachment":[{"href":"https:\/\/www.cronacaonline.it\/index.php\/wp-json\/wp\/v2\/media?parent=234375"}],"wp:term":[{"taxonomy":"category","embeddable":true,"href":"https:\/\/www.cronacaonline.it\/index.php\/wp-json\/wp\/v2\/categories?post=234375"},{"taxonomy":"post_tag","embeddable":true,"href":"https:\/\/www.cronacaonline.it\/index.php\/wp-json\/wp\/v2\/tags?post=234375"}],"curies":[{"name":"wp","href":"https:\/\/api.w.org\/{rel}","templated":true}]}}