{"id":234371,"date":"2023-04-05T13:11:58","date_gmt":"2023-04-05T11:11:58","guid":{"rendered":"https:\/\/www.cronacaonline.it\/?p=234371"},"modified":"2023-04-05T13:12:01","modified_gmt":"2023-04-05T11:12:01","slug":"scuola-biancareddu-combattere-le-disabilita-sensibilizzando-i-bambini-delle-primarie-attraverso-il-progetto-educativo-millo-mi-va-a-scuola","status":"publish","type":"post","link":"https:\/\/www.cronacaonline.it\/index.php\/2023\/04\/05\/scuola-biancareddu-combattere-le-disabilita-sensibilizzando-i-bambini-delle-primarie-attraverso-il-progetto-educativo-millo-mi-va-a-scuola\/","title":{"rendered":"Scuola: Biancareddu, combattere le disabilit\u00e0 sensibilizzando i bambini delle primarie attraverso il progetto educativo \u201cmillo mi\u2019\u2026 va a scuola\u201d."},"content":{"rendered":"\n<p>Cagliari, 5 Apr 2023 \u2013\u00a0Combattere le disuguaglianze raccontando la disabilit\u00e0. Con questo intento, l\u2019assessore della Pubblica Istruzione, Andrea Biancareddu ha presentato il\u00a0progetto educativo sulla disabilit\u00e0 denominato \u201cMillo M\u00ec \u2026 Va a scuola\u201d, destinato a tutti i bambini delle 480 primarie della Sardegna, con una popolazione di quasi 47 mila alunni. Una platea molto vasta che verr\u00e0 sensibilizzata grazie ad un fumetto che si intitola proprio Millo Mi\u2026 Va a Scuola, la storia del granchio parlante. L\u2019iniziativa, voluta dal campione Jeff Onorato \u00e8 stato patrocinato anche dal CONI Regionale e dall\u2019Ufficio Scolastico della Sardegna.<\/p>\n\n\n\n<p>\u201c\u00c8 un progetto formidabile - sottolinea Biancareddu - che mira finalmente a far s\u00ec che l'inclusione non sia solo una frase di rito, ma sia qualcosa che vogliamo mettere in concreto. Lo vogliamo fare rivolgendoci ai ragazzi, alle elementari, con un progetto che dimostra che tutti siamo uguali, tutti abbiamo delle doti nonostante qualche malattia che pu\u00f2 apparentemente distogliere da quelle che sono le nostre aspettative. La cosa migliore \u00e8 avere autostima, accettare la propria condizione e avere forza di volont\u00e0. Volont\u00e0 che per\u00f2 bisogna avere di gruppo, nel senso che facendo sport si impara a soffrire assieme, a cadere e a rialzarsi. Si impara da disciplina, ma si impara che siamo tutti uguali. Ognuno di noi pu\u00f2 dare quello che ha dentro e non necessariamente quello che naturalmente magari pu\u00f2 dimostrare fuori con qualche limitazione sensoriale, uditiva e di deambulazione.\u201d<\/p>\n\n\n\n<p>Il fumetto che verr\u00e0 distribuito in tutte le scuole primarie assume il delicato ruolo di rappresentare, in chiave metaforica, quella parte della societ\u00e0 che ancora fatica ad accreditare al mondo della diversa abilit\u00e0: talento, autonomia, ricchezze di pensiero e di azione. Il libro \u00e8 in bilico tra realt\u00e0 e fantasia, ed evidenzia con leggerezza importanti concetti legati all\u2019accettazione, l\u2019autostima, la forza di volont\u00e0. Verbi insostituibili ed elementi indispensabili per costruire il futuro dei giovani. Com<\/p>\n\n\n\n<p><\/p>\n\n\n\n<p><\/p>\n","protected":false},"excerpt":{"rendered":"<p>Cagliari, 5 Apr 2023 \u2013\u00a0Combattere le disuguaglianze raccontando la disabilit\u00e0. Con questo intento, l\u2019assessore della Pubblica Istruzione, Andrea Biancareddu ha presentato il\u00a0progetto educativo sulla disabilit\u00e0&#8230;<\/p>\n","protected":false},"author":2,"featured_media":230442,"comment_status":"closed","ping_status":"open","sticky":false,"template":"","format":"standard","meta":[],"categories":[49,52],"tags":[],"_links":{"self":[{"href":"https:\/\/www.cronacaonline.it\/index.php\/wp-json\/wp\/v2\/posts\/234371"}],"collection":[{"href":"https:\/\/www.cronacaonline.it\/index.php\/wp-json\/wp\/v2\/posts"}],"about":[{"href":"https:\/\/www.cronacaonline.it\/index.php\/wp-json\/wp\/v2\/types\/post"}],"author":[{"embeddable":true,"href":"https:\/\/www.cronacaonline.it\/index.php\/wp-json\/wp\/v2\/users\/2"}],"replies":[{"embeddable":true,"href":"https:\/\/www.cronacaonline.it\/index.php\/wp-json\/wp\/v2\/comments?post=234371"}],"version-history":[{"count":1,"href":"https:\/\/www.cronacaonline.it\/index.php\/wp-json\/wp\/v2\/posts\/234371\/revisions"}],"predecessor-version":[{"id":234372,"href":"https:\/\/www.cronacaonline.it\/index.php\/wp-json\/wp\/v2\/posts\/234371\/revisions\/234372"}],"wp:featuredmedia":[{"embeddable":true,"href":"https:\/\/www.cronacaonline.it\/index.php\/wp-json\/wp\/v2\/media\/230442"}],"wp:attachment":[{"href":"https:\/\/www.cronacaonline.it\/index.php\/wp-json\/wp\/v2\/media?parent=234371"}],"wp:term":[{"taxonomy":"category","embeddable":true,"href":"https:\/\/www.cronacaonline.it\/index.php\/wp-json\/wp\/v2\/categories?post=234371"},{"taxonomy":"post_tag","embeddable":true,"href":"https:\/\/www.cronacaonline.it\/index.php\/wp-json\/wp\/v2\/tags?post=234371"}],"curies":[{"name":"wp","href":"https:\/\/api.w.org\/{rel}","templated":true}]}}