{"id":234271,"date":"2023-04-03T10:36:59","date_gmt":"2023-04-03T08:36:59","guid":{"rendered":"https:\/\/www.cronacaonline.it\/?p=234271"},"modified":"2023-04-03T10:37:01","modified_gmt":"2023-04-03T08:37:01","slug":"lingua-sarda-avviato-iter-per-la-costituzione-di-un-catalogo-laboratori-didattici-extracurriculari-destinati-agli-studenti-delle-scuole-di-ogni-ordine-e-grado","status":"publish","type":"post","link":"https:\/\/www.cronacaonline.it\/index.php\/2023\/04\/03\/lingua-sarda-avviato-iter-per-la-costituzione-di-un-catalogo-laboratori-didattici-extracurriculari-destinati-agli-studenti-delle-scuole-di-ogni-ordine-e-grado\/","title":{"rendered":"Lingua sarda: avviato iter per la costituzione di un catalogo laboratori didattici extracurriculari destinati agli studenti delle scuole di ogni ordine e grado."},"content":{"rendered":"\n<p>Cagliari, 3 Apr 2023 \u2013\u00a0E\u2019 stato aperto l\u2019avviso per la costituzione di un catalogo di laboratori didattici extracurriculari nelle lingue minoritarie sardo e catalano di Alghero e nelle variet\u00e0 alloglotte sassarese, gallurese e tabarchino, per gli anni scolastici 2023-2024 e 2024-2025. Lo ha annunciato l\u2019assessore alla Pubblica Istruzione e Cultura, Andrea Biancareddu. L\u2019avviso pubblico scadr\u00e0 il prossimo 2 Maggio.<\/p>\n\n\n\n<p>\u201cL\u2019obiettivo principale, ha detto Biancareddu, \u00e8 quello di valorizzare tutte le lingue parlate in Sardegna, utilizzandole in laboratori didattici extracurriculari destinati in primis agli studenti delle scuole di ogni ordine e grado, ma anche ai loro familiari.\u201d<\/p>\n\n\n\n<p>Possono partecipare all\u2019avviso Associazioni e Imprese che abbiano le competenze per progettare e realizzare attivit\u00e0 coerenti con la realizzazione di un catalogo Laboratori Didattici Extracurriculari. Condizione essenziale \u00e8 quella che si dotino di una coppia di operatori in possesso della&nbsp;certificazione della conoscenza orale della lingua sarda come rilasciata dalla Regione, secondo l\u2019avviso NARA-MI. I progetti ritenuti ammissibili da una Commissione di valutazione, saranno inseriti in un catalogo per essere poi selezionati dagli Istituti scolastici che risultassero beneficiari di contributi per laboratori extracurricolari nelle lingue di Sardegna, chiamati Frailes. &nbsp;<\/p>\n\n\n\n<p>L\u2019Assessore Biancareddu inoltre sottolinea che le novit\u00e0 di quest\u2019anno riguardano principalmente gli ambiti tematici dei laboratori che diventano, Area artistica e di manualit\u00e0 creativa,&nbsp;Area educazione civica, salute e sicurezza,&nbsp;Area identit\u00e0 territoriale, tradizioni e cultura,&nbsp;Area scientifica e tecnologica e&nbsp;Area attivit\u00e0 teatrali, cinematografiche e musicali. Gli operatori potranno svolgere i laboratori in tutti gli ambiti territoriali delle Province sarde.&nbsp; Novit\u00e0 anche per la presentazione dei progetti. Si possono presentare domande per un massimo di due progetti di laboratorio, ciascuno realizzabile massimo due volte in un anno (per un totale di massimo 4 laboratori all\u2019anno da realizzare presso lo stesso Istituto scolastico o presso Istituti diversi). Questo garantir\u00e0 la costituzione di un catalogo pi\u00f9 ricco e variegato che avr\u00e0 valenza biennale e potr\u00e0 essere comunque aggiornato all'inizio del secondo anno scolastico. Com<\/p>\n","protected":false},"excerpt":{"rendered":"<p>Cagliari, 3 Apr 2023 \u2013\u00a0E\u2019 stato aperto l\u2019avviso per la costituzione di un catalogo di laboratori didattici extracurriculari nelle lingue minoritarie sardo e catalano di&#8230;<\/p>\n","protected":false},"author":2,"featured_media":230442,"comment_status":"closed","ping_status":"open","sticky":false,"template":"","format":"standard","meta":[],"categories":[52],"tags":[],"_links":{"self":[{"href":"https:\/\/www.cronacaonline.it\/index.php\/wp-json\/wp\/v2\/posts\/234271"}],"collection":[{"href":"https:\/\/www.cronacaonline.it\/index.php\/wp-json\/wp\/v2\/posts"}],"about":[{"href":"https:\/\/www.cronacaonline.it\/index.php\/wp-json\/wp\/v2\/types\/post"}],"author":[{"embeddable":true,"href":"https:\/\/www.cronacaonline.it\/index.php\/wp-json\/wp\/v2\/users\/2"}],"replies":[{"embeddable":true,"href":"https:\/\/www.cronacaonline.it\/index.php\/wp-json\/wp\/v2\/comments?post=234271"}],"version-history":[{"count":1,"href":"https:\/\/www.cronacaonline.it\/index.php\/wp-json\/wp\/v2\/posts\/234271\/revisions"}],"predecessor-version":[{"id":234272,"href":"https:\/\/www.cronacaonline.it\/index.php\/wp-json\/wp\/v2\/posts\/234271\/revisions\/234272"}],"wp:featuredmedia":[{"embeddable":true,"href":"https:\/\/www.cronacaonline.it\/index.php\/wp-json\/wp\/v2\/media\/230442"}],"wp:attachment":[{"href":"https:\/\/www.cronacaonline.it\/index.php\/wp-json\/wp\/v2\/media?parent=234271"}],"wp:term":[{"taxonomy":"category","embeddable":true,"href":"https:\/\/www.cronacaonline.it\/index.php\/wp-json\/wp\/v2\/categories?post=234271"},{"taxonomy":"post_tag","embeddable":true,"href":"https:\/\/www.cronacaonline.it\/index.php\/wp-json\/wp\/v2\/tags?post=234271"}],"curies":[{"name":"wp","href":"https:\/\/api.w.org\/{rel}","templated":true}]}}