{"id":234190,"date":"2023-03-31T12:27:31","date_gmt":"2023-03-31T10:27:31","guid":{"rendered":"https:\/\/www.cronacaonline.it\/?p=234190"},"modified":"2023-03-31T12:27:34","modified_gmt":"2023-03-31T10:27:34","slug":"vinitaly-2023-la-sardegna-presente-con-72-aziende-assessora-satta-la-sardegna-e-una-terra-che-presenta-caratteristiche-ottimali-alla-produzione-del-vino","status":"publish","type":"post","link":"https:\/\/www.cronacaonline.it\/index.php\/2023\/03\/31\/vinitaly-2023-la-sardegna-presente-con-72-aziende-assessora-satta-la-sardegna-e-una-terra-che-presenta-caratteristiche-ottimali-alla-produzione-del-vino\/","title":{"rendered":"Vinitaly 2023, la Sardegna presente con 72 aziende. Assessora Satta: la Sardegna \u00e8 una terra che presenta caratteristiche ottimali alla produzione del vino."},"content":{"rendered":"\n<p>Cagliari, 31 Mar 2023\u00a0\u2013 Sono 72 le aziende del settore vitivinicolo che prenderanno parte, quest\u2019anno, alla 55esima edizione del Vinitaly, la prestigiosa manifestazione fieristica del vino e dei distillati in programma a Verona dal 2 al 5 aprile.<\/p>\n\n\n\n<p>\u201cIn Sardegna \u2013 afferma il Presidente della Regione Sardegna \u2013 la vite e il vino sono presenti da circa 5.000 anni. Il nostro territorio, caratterizzato dal gioco delle altitudini, dalla variet\u00e0 di terreni e climi, e dal grande patrimonio di vitigni autoctoni, unitamente al fatto che la Sardegna non ha subito, se non in minima parte, l\u2019invasione dei vitigni internazionali, ha conferito alla nostra Isola una caratteristica di biodiversit\u00e0 che \u00e8 la principale risorsa della vitivinicoltura sarda. Il nostro territorio consente produzioni enologiche peculiari, spesso di nicchia, che conquistano i mercati internazionali. Sono sempre pi\u00f9 numerose \u2013 sottolinea il Presidente \u2013 le cantine che si affacciano sul mercato, riscontrando grande apprezzamento. Il Vinitaly rappresenta cos\u00ec un\u2019eccezionale vetrina per le nostre produzioni, che si fanno emblema dei forti valori identitari della Sardegna nel mondo\u201d.<\/p>\n\n\n\n<p>La collettiva delle 72 imprese vitivinicole trover\u00e0 spazio in un\u2019area di oltre 1700 metri quadrati all\u2019interno del Padiglione 8 di Veronafiere, all\u2019interno della quale vi sar\u00e0 anche uno spazio istituzionale dove, come gi\u00e0 avvenuto nelle precedenti edizioni, saranno organizzati momenti di degustazione delle eccellenze vitivinicole dell'Isola in abbinamento ai prodotti agroalimentari tipici. Sono stati organizzati in particolare sette eventi, concepiti come momenti seminariali, in cui l\u2019enologia, la gastronomia e le tradizioni si incontrano per raccontare il territorio.<\/p>\n\n\n\n<p>Quasi il 40% del vino prodotto in Sardegna va oltre mare e di questo, il 50% va all\u2019estero (di questo, il 60% in Europa, il 30 % in America, e il 10 % in Asia).&nbsp;La superficie vitata in Sardegna \u00e8 pari a poco pi\u00f9 di 27.000 ettari, e circa 300 sono le aziende che hanno almeno un\u2019etichetta.&nbsp;La Sardegna vanta attualmente 19 Denominazioni di origine DOC e una Denominazione d\u2019Origine Controllata DOCG relativa al Vermentino di Gallura.<\/p>\n\n\n\n<p>\u201cAnche quest\u2019anno la Sardegna partecipa al Vinitaly con l\u2019eccellenza delle proprie produzioni \u2013 afferma l\u2019assessore dell\u2019Agricoltura, Valeria Satta \u2013 La Sardegna \u00e8 una terra che presenta caratteristiche ottimali alla produzione del vino e che vanta numerose esclusivit\u00e0 anche nel settore dei distillati. Si tratta di una realt\u00e0 in forte espansione: per questo \u2013 conclude l\u2019assessore dell\u2019Agricoltura, in riferimento alla delibera di Giunta approvata di recente - ci auguriamo che il numero delle aziende da portare al Vinitaly sia sempre crescente e gi\u00e0 dal 2024 confidiamo di incrementare la partecipazione e di giungere ad una collettiva di almeno 80 aziende dalle 72 attuali\u201d. Com<\/p>\n","protected":false},"excerpt":{"rendered":"<p>Cagliari, 31 Mar 2023\u00a0\u2013 Sono 72 le aziende del settore vitivinicolo che prenderanno parte, quest\u2019anno, alla 55esima edizione del Vinitaly, la prestigiosa manifestazione fieristica del&#8230;<\/p>\n","protected":false},"author":2,"featured_media":231333,"comment_status":"closed","ping_status":"open","sticky":false,"template":"","format":"standard","meta":[],"categories":[49,52],"tags":[],"_links":{"self":[{"href":"https:\/\/www.cronacaonline.it\/index.php\/wp-json\/wp\/v2\/posts\/234190"}],"collection":[{"href":"https:\/\/www.cronacaonline.it\/index.php\/wp-json\/wp\/v2\/posts"}],"about":[{"href":"https:\/\/www.cronacaonline.it\/index.php\/wp-json\/wp\/v2\/types\/post"}],"author":[{"embeddable":true,"href":"https:\/\/www.cronacaonline.it\/index.php\/wp-json\/wp\/v2\/users\/2"}],"replies":[{"embeddable":true,"href":"https:\/\/www.cronacaonline.it\/index.php\/wp-json\/wp\/v2\/comments?post=234190"}],"version-history":[{"count":1,"href":"https:\/\/www.cronacaonline.it\/index.php\/wp-json\/wp\/v2\/posts\/234190\/revisions"}],"predecessor-version":[{"id":234191,"href":"https:\/\/www.cronacaonline.it\/index.php\/wp-json\/wp\/v2\/posts\/234190\/revisions\/234191"}],"wp:featuredmedia":[{"embeddable":true,"href":"https:\/\/www.cronacaonline.it\/index.php\/wp-json\/wp\/v2\/media\/231333"}],"wp:attachment":[{"href":"https:\/\/www.cronacaonline.it\/index.php\/wp-json\/wp\/v2\/media?parent=234190"}],"wp:term":[{"taxonomy":"category","embeddable":true,"href":"https:\/\/www.cronacaonline.it\/index.php\/wp-json\/wp\/v2\/categories?post=234190"},{"taxonomy":"post_tag","embeddable":true,"href":"https:\/\/www.cronacaonline.it\/index.php\/wp-json\/wp\/v2\/tags?post=234190"}],"curies":[{"name":"wp","href":"https:\/\/api.w.org\/{rel}","templated":true}]}}