{"id":234085,"date":"2023-03-29T13:14:17","date_gmt":"2023-03-29T11:14:17","guid":{"rendered":"https:\/\/www.cronacaonline.it\/?p=234085"},"modified":"2023-03-29T13:14:21","modified_gmt":"2023-03-29T11:14:21","slug":"respinta-la-mozione-640-ganau-e-piu-di-sfiducia-al-presidente-della-regione-in-base-allarticolo-118-del-regolamento-del-consiglio-regionale-il-consiglio-si-riunira-martedi-prossimo-4-apr","status":"publish","type":"post","link":"https:\/\/www.cronacaonline.it\/index.php\/2023\/03\/29\/respinta-la-mozione-640-ganau-e-piu-di-sfiducia-al-presidente-della-regione-in-base-allarticolo-118-del-regolamento-del-consiglio-regionale-il-consiglio-si-riunira-martedi-prossimo-4-apr\/","title":{"rendered":"Respinta la mozione 640 (Ganau e pi\u00f9) di sfiducia al Presidente della Regione, in base all\u2019articolo 118 del regolamento del Consiglio regionale. Il Consiglio si riunir\u00e0 marted\u00ec prossimo, 4 aprile, alle 16."},"content":{"rendered":"\n<p>Cagliari, 29 Mar 2023 - La seduta di ieri sera, del consiglio reginale della Sardegna \u00e8 stata aperta dal presidente Michele Pais. All\u2019ordine del giorno del Consiglio il dibattito sull\u2019autonomia differenziata, con particolare riferimento alla mozione n.640 (Ganau e pi\u00f9), di sfiducia nei confronti del presidente della Regione.<\/p>\n\n\n\n<p>Prendendo la parola sull\u2019ordine dei lavori Desir\u00e8 Manca, del M5S, ha annunciato la presentazione di una mozione di sfiducia nei confronti dell\u2019assessore della Sanit\u00e0 Carlo Doria per le dichiarazioni rilasciate ed i comportamenti tenuti nei confronti delle forze di opposizione in Consiglio regionale.<\/p>\n\n\n\n<p>Il presidente ha poi comunicato che occorre completare la composizione dell\u2019ufficio di presidenza del Consiglio con l\u2019elezione dei nuovi rappresentanti dei gruppi dei Progressisti e del Movimento 5 Stelle. Si \u00e8 quindi proceduto allo scrutinio che si \u00e8 concluso con l\u2019elezione dei consiglieri Gianfranco Satta (Progressisti) con 22 voti e Michele Ciusa (M5S) con 24: 18 gli astenuti.<\/p>\n\n\n\n<p>Il Consiglio \u00e8 poi passato alla discussione della mozione n.640, illustrata dal primo firmatario Gianfranco Ganau.<\/p>\n\n\n\n<p>Nella sua relazione, il capogruppo del Pd, a nome di tutta la minoranza, ha parlato di \u201cun atto estremo\u201d che per\u00f2 \u00e8 ampiamente giustificato per l\u2019esclusione del Consiglio regionale da decisioni di valore strategico per la Sardegna, una esclusione peraltro iniziata con il Pnrr, i trasporti e l\u2019energia, e proseguita il 2 marzo, con il parere favorevole espresso dall\u2019assessore Doria sul disegno di legge sull\u2019autonomia differenziata. A parte il tentativo dello stesso Doria di derubricare lo stesso voto, ha aggiunto Ganau, contano le questioni di merito: a fronte di quel parere, mancava ogni riferimento all\u2019insularit\u00e0, non \u00e8 vero che c\u2019era invarianza dei trasferimenti perch\u00e9 la Sardegna \u00e8 fortemente squilibrata sul piano delle infrastrutture ed i costi dell\u2019insularit\u00e0 sono di 9 miliardi l\u2019anno (una intera finanziaria regionale, 5000 euro per ogni sardo).<\/p>\n\n\n\n<p>Aprendo la discussione Maria Laura Orru (Alleanza Europa Verde) ha ribadito le dure critiche all\u2019operato della Giunta, perch\u00e9 la Sardegna sta perdendo tanto in termini strategici ed in settori di grande importanza, dando verso un \u201cvicolo cieco\u201d. La Orr\u00f9 si \u00e8 poi soffermata, in modo specifico sulla sanit\u00e0, al centro di una emergenza gravissima senza provvedimenti capaci di invertire la rotta, ma solo rattoppata da alcune strutture fisiche di prossimit\u00e0, sull\u2019energia con la sfida mancata della transizione ecologica, attraverso scelte parziali che hanno portato all\u2019individuazione di alcune zone non idonee per gli impianti senza dire quali erano quelle idonee lasciando sole le comunit\u00e0 locali.<\/p>\n\n\n\n<p>Domenico Gallus (Psd\u2019Az), ha affermato che l\u2019argomento in discussione necessiterebbe di \u201calte riflessioni\u201d piuttosto che la solita strumentalizzazione della minoranza, anche perch\u00e9 non \u00e8 mai svilito il ruolo del Consiglio anche perch\u00e9 il disegno di legge sull\u2019autonomia differenziata non lo prevede. Nel testo, peraltro, secondo Gallus non c\u2019\u00e8 alcun depotenziamento dell\u2019autonomia speciale, ma anzi va colta l\u2019occasione per ridiscutere e finalmente avviare un grande processo di riforma, puntando molto sul riconoscimento dell\u2019insularit\u00e0, gi\u00e0 formalizzato. I fatti sono questi, ha riepilogato il consigliere sardista, ed \u00e8 proprio rispetto a questi fatti che la minoranza mostra di avere la memoria corta, dimenticando che il centro sinistra hanno accettato tutto in cambio di una miseria. Dopo Gallus ha preso la parola Michele Ciusa (Cinque stelle) che ha detto: \u201cLa legislatura \u00e8 gi\u00e0 finita, altro che un anno. Tra poco decreteremo chiusa questa stagione politica, tra le peggiori di sempre, con il voto di fiducia. Presidente, la stanno scaricando tutti e oggi chi ha manifestato queste insofferenze pu\u00f2 porre fine a queste sofferenze con coerenza, sfiduciando il presidente.<\/p>\n\n\n\n<p>A seguire per i Progressisti Gianfranco Satta ha preso la parola parlando di \u201cuna giornata importante per la nostra democrazia. Questa assemblea \u00e8 il cuore della Sardegna ed \u00e8 nostro dovere consentire a ogni voce di contribuire al dibattito.<\/p>\n\n\n\n<p>Per il gruppo Pd ha preso la parola anche Salvatore Corrias, secondo cui \u201clo Statuto rischia di essere calpestato a seguito dell\u2019approvazione da parte del Consiglio dei ministri del disegno di legge sull\u2019autonomia differenziata\u201d. Per Corrias \u201cil Parlamento dei sardi non \u00e8 stato sentito ed \u00e8 costretto per questo a muovere la sfiducia verso il presidente della Sardegna. In questo regionalismo delle disuguaglianze che si profilano si parla di risorse finanziarie delle Regioni: come si fa a votarlo?<\/p>\n\n\n\n<p>Li Gioi (Cinque stelle) ha esordito citando un tratto \u201cdelle dichiarazioni del presidente sardo dopo la notizia della nostra mozione di sfiducia. Oggi \u00e8 un punto di non ritorno e segna il suo sprezzante modo di gestire il potere. Lei si definisce paladino di una resistenza culturale con una sfrontatezza unica, tutta sua, quella di chi \u00e8 nato con il pelo sullo stomaco\u201d.<\/p>\n\n\n\n<p>Sempre dai banchi dell\u2019opposizione l\u2019on. Roberto Deriu (Pd), che ha esordito citando Amintore Fanfani: \u201cNon pu\u00f2 togliere la fiducia chi non l\u2019hai data, come noi. Noi oggi proponiamo la sfiducia perch\u00e9 riteniamo che i sardi non abbiamo pi\u00f9 fiducia in voi e siamo avviliti nel dover ricorrere a un mezzo del genere. Siamo consapevoli della sproporzione dei numeri in quest\u2019Aula e non siamo stati divisi nel momento pi\u00f9 duro quello della pandemia Covid durante la quale abbiamo delegato in bianco la gestione del soccorso sanitario e approvato a occhi chiusi manovre finanziarie\u201d.<\/p>\n\n\n\n<p>&nbsp;Per il Pd ha preso la parola anche l\u2019on. Rossella Pinna, che ha detto: \u201cNon \u00e8 un\u2019occasione lieta votare la sfiducia, sappiamo che non abbiamo la possibilit\u00e0 di portare a casa il risultato\u201d. L\u2019oratrice ha citato alcuni passaggi delle dichiarazioni programmatiche del capo della Giunta e un passaggio di una lettera di Michelangelo Pira a Titino Melis e ha chiuso cos\u00ec: \u201cVoter\u00f2 s\u00ec alla sfiducia e sono convinta che per i sardi non siete n\u00e9 santi n\u00e9 eroi\u201d.<\/p>\n\n\n\n<p>La maggioranza ha preso la parola con Tedde (Forza Italia): \u201cIn quest\u2019Aula \u00e8 entrato in scena un copione dei fratelli Vanzina e non dovrebbe accadere. Mi ero preparato sulla mozione di sfiducia che parla di procedimenti amministrativi, di atteggiamento incauto, sul quale siamo d\u2019accordo anche noi, rispetto al disegno di legge dell\u2019autonomia differenziata. E invece oggi voi parlate d\u2019altro\u201d.<\/p>\n\n\n\n<p>Di nuovo l\u2019opposizione, con Massimo Zedda (Progressisti): \u201cAbbiamo presentato una richiesta di discussione a fronte di un testo che avrebbe potuto determinare una serie di problematiche. Abbiamo chiesto un confronto in Aula su questo, che mai \u00e8 avvenuto. Non c\u2019\u00e8 stato ma nemmeno Calderoli riuscir\u00e0 a superare con la sua riforma i limiti imposti, per fortuna, dalla Costituzione e dall\u2019Unione europea. Cade la vostra pia illusione che con una legge ordinaria il giorno dopo si potr\u00e0 fare tutto quel che si vuole\u201d.<\/p>\n\n\n\n<p>Dai banchi dell\u2019Alleanza Rosso - &nbsp;Verdi Daniele Cocco ha ricordato \u201cagli amici della maggioranza\u201d di aver \u201cdefinito iniquo il disegno di legge sull\u2019autonomia differenziata\u201d e ha aggiunto: \u201cVorremmo risposte sulla Sanit\u00e0 che non funziona, vorremmo parlare dei sardi che non riescono a mettere insieme il pranzo con la cena. Ma questa legislatura mai iniziata \u00e8 meglio che finisca oggi\u201d.<\/p>\n\n\n\n<p>A favore della mozione di sfiducia si \u00e8 espressa anche la consigliera del Movimento Cinque Stelle Desir\u00e8 Manca: \u00abFinalmente Solinas si presenta in Aula dopo una lunga assenza \u2013 ha esordito la rappresentante del M5S \u2013 in questi anni ha avuto il coraggio di presentare la riforma della rete ospedaliera durante la pandemia, ha aumentato il numero dei componenti del suo staff, \u00e8 riuscito a sistemare le persone che conosce come l\u2019ultimo nominato: l\u2019assessore alla Sanit\u00e0\u00bb.<\/p>\n\n\n\n<p>La consigliera di Forza Italia ed ex assessore al Lavoro Alessandra Zedda, in apertura del suo intervento, ha replicato al consigliere Li Gioi: \u00abForza Italia, contrariamente a quanto sostiene il collega, esiste e non ha cambiato nome \u2013 ha detto Zedda \u2013 facciamo parte di questa maggioranza in modo costruttivo e quando serve non rinunciamo a dire la nostra\u00bb. Zedda ha poi rivolto l\u2019attenzione al tema dell\u2019autonomia differenziata: \u00abAvremmo gradito un maggiore coinvolgimento da parte del presidente della Regione \u2013 ha detto l\u2019esponente di Fi \u2013 lo abbiamo detto e lo ribadiamo. Non ci accontentiamo dell\u2019inserimento del principio di insularit\u00e0 nel disegno di legge del ministro Calderoli.<\/p>\n\n\n\n<p>Critico l\u2019intervento di Giuseppe Meloni (Pd) che, rivolto alla collega Alessandra Zedda ha detto: \u00abMeglio tardi che mai, almeno una voce della maggioranza esce fuori dal coro \u2013 ha detto Meloni \u2013 capiamo che sia imbarazzante anche per voi continuare a difendere questa Giunta e questo presidente della Regione. Certe questioni, per\u00f2, andavano affrontate prima, anche quando la collega Zedda faceva parte della Giunta\u00bb.<\/p>\n\n\n\n<p>A favore della mozione si \u00e8 pronunciato il consigliere Antonio Piu (Alleanza Europa Verde-Sinistra-Possibile-Art1: \u00abPerch\u00e9 la Sardegna dovrebbe essere ancora considerata una Regione a Statuto Speciale? Quando passer\u00e0 il Dl sull\u2019autonomia differenziata saremo parificati a tutte le altre Regioni \u2013 ha affermato Piu \u2013 questa riforma non \u00e8 stata minimamente discussa. Non c\u2019\u00e8 stato nessun tavolo di confronto tra le forze politiche. Mi aspetto che oggi il Governatore spieghi perch\u00e9 convenga oggi alla Sardegna dire s\u00ec all\u2019autonomia differenziata\u00bb.<\/p>\n\n\n\n<p>Per Piero Comandini (Pd): \u00abSi \u00e8 persa l\u2019ennesima occasione per fare una discussione serena e collegiale alla quale le opposizioni avrebbero potuto partecipare e dare un contributo. L\u2019autonomia \u00e8 un tema che ci unisce: il regionalismo differenziato lo abbiamo fatto noi con la modifica dell\u2019articolo 116 della Costituzione. Allora c\u2019era una forza politica come la Lega che ne fece un cavallo di battaglia presentando un referendum che prevedeva l\u2019indipendenza della Padania.<\/p>\n\n\n\n<p>Il capogruppo dei Progressisti Francesco Agus ha annunciato un sostegno convinto alla mozione: \u00abNon ho mai avuto fiducia nel presidente, sin dal momento in cui si present\u00f2 in Aula con mezza Giunta \u2013 ha detto Agus \u2013 per non parlare del seguito: finanziaria presentata in notevole ritardo, mancanza di un piano di sviluppo etc. La cosa che non ho mai capito, per\u00f2, \u00e8 che un presidente che ha fatto il consigliere regionale mostri disprezzo nei confronti del Consiglio. Un disprezzo fine a se stesso che non ha senso: quest\u2019Aula \u00e8 il luogo dove il presidente ha il consenso pi\u00f9 elevato.<\/p>\n\n\n\n<p>Per Michele Cossa, in rappresentanza dei Riformatori, la discussione va riportata nella sua giusta dimensione: \u00abIl Dl Calderoli \u00e8 un provvedimento di procedura, non c\u2019\u00e8 una riga di merito. Il succo sta tutto nel comma 3 dell\u2019articolo 116 della Costituzione introdotto oltre vent\u2019anni fa. Se il delitto \u00e8 stato perpetrato, non lo si \u00e8 fatto ora ma nel 2001. Il dibattito sull\u2019autonomia differenziata va fatto ma non riguarda il Dl Calderoli che sta dando attuazione a una riforma dello Stato\u00bb. Secondo Cossa, in ogni caso, il tema dell\u2019autonomia differenziata merita attenzione: \u00abHa fatto bene la Regione a dare parere favorevole? Probabilmente no perch\u00e9 nel Dl ci sono tanti elementi di debolezza e tante cose da dire. Ma stiamo parlando di un fatto talmente grave da giustificare una mozione di fiducia? Secondo me no, ascoltando l\u2019opposizione ne sono ancora pi\u00f9 convinto\u201d.<\/p>\n\n\n\n<p>Giudizio negativo sull\u2019azione della Giunta da parte del capogruppo del M5S Alessandro Solinas: \u00abQuesta Giunta ha curato il proprio orticello e non l\u2019interesse della Sardegna \u2013 ha detto Solinas \u2013 si \u00e8 preoccupata solo di creare posti di potere, di riformare la sanit\u00e0 avviandola verso la privatizzazione che creer\u00e0 un vuoto di risorse umane ed economiche. Non vi siete preoccupati di trasporti, la vostra produzione legislativa \u00e8 scadente come dimostrano le tante impugnazioni. Voi l\u2019autonomia la temete altrimenti non la svendereste per un pugno di mosche solo per soddisfare il sogno secessionista di un partito moribondo\u00bb.<\/p>\n\n\n\n<p>In difesa del presidente \u00e8 intervenuto il capogruppo dell\u2019Udc Gianfilippo Sechi: \u00abL\u2019iter della legge \u00e8 lungo, prevede ulteriori passaggi nella Conferenza Stato-Regioni \u2013 ha detto Sechi \u2013 ci sono novit\u00e0 sostanziali per la Sardegna con l\u2019inserimento del principio di insularit\u00e0. Gi\u00e0 questo dimostra quanto sia ancora possibile incidere sul testo. La Regione ha gi\u00e0 avuto modo di vedere accolta le sue richieste. Non c\u2019\u00e8 motivo per questo di discutere una mozione di fiducia. Capisco che le elezioni si avvicinano.<\/p>\n\n\n\n<p>Angelo Cocciu (capogruppo FI) ha evidenziato che le critiche al presidente e alla Giunta arrivano da chi \u00e8 stato battuto in maniera netta nelle elezioni del 2019. Ha ricordato che il piano casa \u00e8 stato bocciato dai 5 stelle e ha esortato l\u2019opposizione ad andare a guardare gli atti di chi ha scelto le sorti del piano casa della Sardegna. Sul tema dell\u2019agricoltura, in particolare sul prezzo del latte, ha evidenziato le differenze di prezzo di oggi rispetto alla scorsa legislatura.<\/p>\n\n\n\n<p>Fausto Piga (capogruppo di FdI), annunciando anche lui il voto contrario, ha sottolineato che la mozione dell\u2019opposizione \u00e8 da rispettare, perch\u00e9 \u00e8 un atto politico. Ma ha aggiunto che se l\u2019intento dell\u2019opposizione era quello di mettere in difficolt\u00e0 la maggioranza sul tema dell\u2019autonomia differenziata non c\u2019\u00e8 riuscita. Per Piga il divario tra nord e sud esiste gi\u00e0, e se oggi la Sardegna ha problemi nel settore dei trasporti, energia e infrastrutture non \u00e8 colpa dell\u2019autonomia differenziata.<\/p>\n\n\n\n<p>Michele Ennas (capogruppo della Lega) ha giudicato la mozione pretestuosa, sia nella forma sia nella sostanza. Per l\u2019esponente della maggioranza si sta ancora parlando del parere espresso in sede di Conferenza Stato-Regioni, che \u00e8 stato con i fatti ampiamente superato. Ennas ha sottolineato il ruolo fondamentale del Consiglio regionale e del presidente del Consiglio regionale nell\u2019inserimento del principio di insularit\u00e0 nel testo del DDL. Una richiesta che ha trovato pieno accoglimento da parte del Governo.<\/p>\n\n\n\n<p>Giovanni Satta (vice capogruppo Psd\u2019Az) ha affermato di aver sentito solo molta retorica e ha sottolineato che il voto favorevole della Sardegna alla Conferenza Stato-Regioni \u00e8 stato un voto politico. Le uniche regioni che hanno votato contro erano governate dal centrosinistra. Satta ha sottolineato che \u00e8 un iter ancora all\u2019inizio. Sul Piano casa, ha aggiunto poi, \u201csia quello che volete voi sia quello che vogliamo noi non si pu\u00f2 realizzare perch\u00e9 c\u2019\u00e8 il Ppr e perch\u00e9 il Governo non ci consente il confronto sul Ppr\u201d. Sulla sanit\u00e0 ha ricordato l\u2019accordo che ha trasferito le spese in capo alla Sardegna. E sui rapporti tra Presidente della Regione e Consiglio e, in particolare, \u201csull\u2019umiliazione del Consiglio\u201d ha aggiunto: \u201cNon me ne vogliano il presidente Solinas, Ugo Cappellacci e Francesco Pigliaru\u201d, ma, \u201cpurtroppo \u00e8 frutto della legge elettorale che consente al Presidente di fare alcune cose senza il coinvolgimento del Consiglio\u201d.<\/p>\n\n\n\n<p>Eugenio Lai (capogruppo Alleanza Europa Verde \u2013 Sinistra \u2013 Possibile \u2013 Art.1) ha affermato a nome del Gruppo di Alleanza rossoverde \u201cvoter\u00e0 la piena sfiducia a una delle peggiori Giunte che la regione Sardegna abbia mai avuto\u201d. La mozione di sfiducia \u00e8 la sommatoria di un giudizio generale complessivo negativo che hanno la minoranza e i cittadini \u201csu lavoro che avete portato avanti in questi quattro anni\u201d. E ha aggiunto che \u00e8 inutile che la maggioranza continui ad accusare la precedente Giunta. Sull\u2019autonomia differenziata, Lai ha aggiunto che il presidente Solinas e l\u2019assessore Doria si sarebbero dovuti presentare in Aula e coinvolgere il Consiglio e le parti sociali. Per Lai c\u2019\u00e8 stata una delegittimazione del Consiglio regionale.<\/p>\n\n\n\n<p>Il presidente Pais ha dato la parola al presidente della Regione Christian Solinas che ha sottolineato la portata strumentale del dibattito in Aula. Per Solinas \u201cc\u2019\u00e8 il tentativo di usare il tema dell\u2019autonomia differenziata come grimaldello per cercare di forzare la mano rispetto a processi, piuttosto fisiologici, di riposizionamento naturale di consiglieri regionali, di forze politiche e di assetti di governo\u201d.&nbsp; E ha aggiunto di uscire da questo dibattito con sentimenti contrastanti: \u201cDa un lato rinfrancato sul fatto che questa formula di governo governer\u00e0 per i prossimi 15 anni, perch\u00e9 si trova davanti un\u2019opposizione senza verit\u00e0 e senza progetto\u201d.<\/p>\n\n\n\n<p>Solinas si \u00e8 lamentato \u201cdel decadimento e del degrado del rispetto istituzionale che ho registrato oggi. Nemmeno nella stagioni pi\u00f9 buie della storia autonomistica, gli scontri avvenuti in maniera aspra hanno mai investito le istituzione autonomistiche con una personalizzazione degli attacchi senza precedenti, che oramai fanno parte di una sintassi consolidata di alcune forze politiche\u201d. Per il presidente della Regione non si possono affrontare temi seri con filastrocche, che citino tra l\u2019altro persone al di fuori di quest\u2019aula che hanno o hanno avuto ruoli istituzionali e ai quali \u00e8 dovuto il rispetto. Il presidente ha ricordato, inoltre, che il parere reso in sede di Conferenza Stato-Regioni \u00e8 di competenza del presidente della Regione.<\/p>\n\n\n\n<p>Solinas ha ricordato di aver portato alla Sardegna risorse maggiori a vantaggio dei sardi: 1 miliardo e 600 milioni in investimenti per opere, 380 milioni in meno di accantonamenti all\u2019anno e 100 milioni di anticipazioni rispetto ai maggiori costi dell\u2019insularit\u00e0. Risorse che hanno consentito di approvare le leggi omnibus che hanno coinvolto tutti i consiglieri. \u201cE quindi se il presidente non era in quest\u2019aula \u2013 ha detto \u2013 era a sottoscrivere gli accordi nell\u2019interesse della Sardegna per aumentare le entrate di quest\u2019Isola\u201d.<\/p>\n\n\n\n<p>Sull\u2019ordine dei lavori \u00e8 intervenuto Daniele Cocco (Alleanza Europa Verde \u2013 Sinistra \u2013 Possibile \u2013 Art.1) per esprime solidariet\u00e0 al sindaco di Bultei, Daniele Acca, vittima di minacce e intimidazioni. Cocco ha chiesto chiarezza sulle assunzioni di Forestas. Il presidente Pais ha espresso la solidariet\u00e0 di tutto il Consiglio regionale al sindaco di Bultei, auspicando se si metta fine a questi gravi atti intimidatori contro gli amministratori locali.<\/p>\n\n\n\n<p>Gianfranco Ganau (Pd) ha specificato di non essere contro l\u2019autonomia differenziata, ma contro questo provvedimento e ha ribadito che sia fondamentale definire i lep e i costi standard, che sono differenti tra regioni, e introdurre un piano di perequazione. L\u2019insularit\u00e0, ha detto, non \u00e8 la soluzione di tutti i mali e credo che sia a rischio la nostra specialit\u00e0. Per Ganau il presidente Solinas non riconosce il ruolo del Consiglio. Credo che siamo di fronte al peggiore governo regionale dell\u2019autonomia, ha concluso.<\/p>\n\n\n\n<p>Giovanni Satta (Psd\u2019Az) ha chiesto cinque minuti di sospensione.<\/p>\n\n\n\n<p>Alla ripresa dei lavori \u00e8 intervenuto per dichiarazione di voto Francesco Agus (Progressisti) che ha espresso voto favorevole ricordando che la spesa della regione \u00e8 ferma e cos\u00ec anche le opere pubbliche. Contrario Stefano Tunis (Misto), che ha esortato l\u2019Aula a non mettere sullo stesso piano l\u2019autonomia differenziata e l\u2019autonomia speciale della Sardegna perch\u00e9 stiamo parlando di leggi di rango diverso e ha affermato l\u2019importanza di affidare il compito di lavorare per l\u2019attuazione del principio di insularit\u00e0 alla delegazione parlamentare sarda. Favorevole alla mozione, Massimo Zedda che ha criticato il discorso del presidente Solinas e definendo molti passi dell\u2019intervento \u201cpocchezze\u201d.&nbsp; Favorevoli anche Giuseppe Meloni, Salvatore Corrias e Piero Comandini (Pd), che hanno sottolineato come il problema non sia nel contenuto del disegno di legge, ma il metodo utilizzato che ha svilito il Consiglio. Comandini ha sottolineato che la maggioranza non \u00e8 riuscita a risolvere i problemi della Sardegna e che l\u2019Isola ha la peggior maggioranza e il peggior presidente della storia della Sardegna. Favorevole anche Laura Caddeo (Alleanza Europa Verde \u2013 Sinistra \u2013 Possibile \u2013 Art.1), che ha parlato di \u201cinterruzione di un processo democratico\u201d.<\/p>\n\n\n\n<p>Voto contrario ha annunciato Michele Cossa (Riformatori): \u00abQuesta discussione ha deviato rispetto all\u2019oggetto della mozione. Meglio avrebbe fatto l\u2019opposizione a presentare una mozione di sfiducia sull\u2019intero operato della Giunta. La discussione sull\u2019autonomia differenziata \u00e8 solo all\u2019inizio, non c\u2019\u00e8 niente di deciso, il provvedimento deve essere ancora discusso ed esitato dal Parlamento\u00bb.<\/p>\n\n\n\n<p>Desir\u00e8 Manca (M5S) ha ribadito il suo giudizio negativo sull\u2019azione della Giunta: \u00abSentire il presidente Solinas dire che siamo la peggior opposizione della storia dell\u2019autonomia \u00e8 per noi un onore\u00bb.<\/p>\n\n\n\n<p>Il capogruppo della Lega Michele Ennas ha ribadito il voto contrario alla mozione di sfiducia: \u00abL\u2019autonomia differenziata non \u00e8 nulla di catastrofico \u2013 ha detto Ennas \u2013 si sta cercando di strumentalizzare l\u2019argomento\u00bb.<\/p>\n\n\n\n<p>Roberto Li Gioi (M5S), chiamato in causa a pi\u00f9 riprese per il contenuto del suo intervento, ha replicato: \u00abDifendo con fierezza ci\u00f2 che ho detto e confermo il mio voto favorevole alla mozione di sfiducia\u00bb per il<\/p>\n\n\n\n<p>Il capogruppo dei Cinque Stelle Alessandro Solinas ha annunciato il voto a favore del suo gruppo: \u00abLa calma serafica del Presidente Solinas \u00e8 stata oggi turbata dagli interventi della minoranza, ci\u00f2 dimostra che \u00e8 allergico al confronto non solo con le opposizioni ma con la sua stessa maggioranza\u00bb.<\/p>\n\n\n\n<p>Marco Tedde (Forza Italia) ha criticato l\u2019azione della minoranza: \u00abNon so se questa \u00e8 la peggiore opposizione della storia autonomistica \u2013 ha detto Tedde \u2013 di sicuro oggi ha avuto uno scivolone: \u00e8 riuscita a compattare la maggioranza. La verit\u00e0 \u00e8 che la mozione proposta, se fossimo in un aula giudiziaria, sarebbe giudicata inammissibile\u00bb.<\/p>\n\n\n\n<p>Diverso il giudizio di Maria Laura Orr\u00f9 (Alleanza Europa Verde \u2013 Sinistra-Possibile Art1): \u00abNoi avremmo pure sbagliato ma voi non avete governato l\u2019Isola \u2013 ha detto Orr\u00f9 \u2013 il presidente Solinas oggi ha dimostrato di non avere una visione strategica\u00bb.<\/p>\n\n\n\n<p>Gianfranco Ganau ha concluso le dichiarazioni di voto annunciando quello a favore della mozione del Partito democratico: \u00abIl presidente Solinas ha difeso il voto al disegno di legge sull\u2019Autonomia differenziata anche quando non era stato ancora inserito il principio di insularit\u00e0. Questo ci basta, abbiamo raggiunto il nostro obiettivo\u00bb.<\/p>\n\n\n\n<p>L\u2019Aula \u00e8 quindi passata alla votazione della mozione, per appello nominale, che \u00e8 stata respinta con 36 voti contrari, 21 favore e uno contrari.<\/p>\n\n\n\n<p>Per fatto personale \u00e8 intervenuto il consigliere Franco Stara: \u00abIl consigliere Li Gioi \u00e8 andato in confusione ha parlato di taxi, di Italia Morta, di Azione e dell\u2019ex senatore Cucca \u2013 ha detto Stara \u2013 dovrebbe sciacquarsi la bocca. Non \u00e8 modo di condurre un dibattito, io non ho mai attaccato nessuno. Non si possono sentire questi discorsi in quest\u2019Aula\u00bb.<\/p>\n\n\n\n<p>Il presidente Pais ha quindi dichiarato chiusa la seduta. Prossima riunione il 4 aprile alle 16. All\u2019ordine del giorno il DL 375 \u201cRatifica dell\u2019intesa tra le regioni e le Province autonome di Trento e di Bolzano per l\u2019istituzionalizzazione della Conferenza delle regioni e delle province autonome\u201d. Com<\/p>\n","protected":false},"excerpt":{"rendered":"<p>Cagliari, 29 Mar 2023 &#8211; La seduta di ieri sera, del consiglio reginale della Sardegna \u00e8 stata aperta dal presidente Michele Pais. All\u2019ordine del giorno&#8230;<\/p>\n","protected":false},"author":2,"featured_media":191710,"comment_status":"closed","ping_status":"open","sticky":false,"template":"","format":"standard","meta":[],"categories":[49,52],"tags":[],"_links":{"self":[{"href":"https:\/\/www.cronacaonline.it\/index.php\/wp-json\/wp\/v2\/posts\/234085"}],"collection":[{"href":"https:\/\/www.cronacaonline.it\/index.php\/wp-json\/wp\/v2\/posts"}],"about":[{"href":"https:\/\/www.cronacaonline.it\/index.php\/wp-json\/wp\/v2\/types\/post"}],"author":[{"embeddable":true,"href":"https:\/\/www.cronacaonline.it\/index.php\/wp-json\/wp\/v2\/users\/2"}],"replies":[{"embeddable":true,"href":"https:\/\/www.cronacaonline.it\/index.php\/wp-json\/wp\/v2\/comments?post=234085"}],"version-history":[{"count":1,"href":"https:\/\/www.cronacaonline.it\/index.php\/wp-json\/wp\/v2\/posts\/234085\/revisions"}],"predecessor-version":[{"id":234086,"href":"https:\/\/www.cronacaonline.it\/index.php\/wp-json\/wp\/v2\/posts\/234085\/revisions\/234086"}],"wp:featuredmedia":[{"embeddable":true,"href":"https:\/\/www.cronacaonline.it\/index.php\/wp-json\/wp\/v2\/media\/191710"}],"wp:attachment":[{"href":"https:\/\/www.cronacaonline.it\/index.php\/wp-json\/wp\/v2\/media?parent=234085"}],"wp:term":[{"taxonomy":"category","embeddable":true,"href":"https:\/\/www.cronacaonline.it\/index.php\/wp-json\/wp\/v2\/categories?post=234085"},{"taxonomy":"post_tag","embeddable":true,"href":"https:\/\/www.cronacaonline.it\/index.php\/wp-json\/wp\/v2\/tags?post=234085"}],"curies":[{"name":"wp","href":"https:\/\/api.w.org\/{rel}","templated":true}]}}