{"id":234080,"date":"2023-03-29T12:36:08","date_gmt":"2023-03-29T10:36:08","guid":{"rendered":"https:\/\/www.cronacaonline.it\/?p=234080"},"modified":"2023-03-29T12:36:10","modified_gmt":"2023-03-29T10:36:10","slug":"insularita-in-costituzione-ordine-del-giorno-del-pd-in-consiglio-regionale-sardegna-deriu-subito-una-direzione-generale-sullinsularita","status":"publish","type":"post","link":"https:\/\/www.cronacaonline.it\/index.php\/2023\/03\/29\/insularita-in-costituzione-ordine-del-giorno-del-pd-in-consiglio-regionale-sardegna-deriu-subito-una-direzione-generale-sullinsularita\/","title":{"rendered":"Insularit\u00e0 in costituzione: ordine del giorno del pd in consiglio regionale Sardegna. Deriu: \u201csubito una direzione generale sull\u2019insularit\u00e0\u201d."},"content":{"rendered":"\n<p>Cagliari, 29 Mar 2023 - Istituire subito una direzione generale per la realizzazione di tutti i procedimenti necessari all\u2019attuazione del principio di insularit\u00e0 in Costituzione. \u00c8 questa la richiesta fatta da tutti i consiglieri regionali del Partito Democratico al Presidente della Sardegna e alla sua Giunta attraverso un ordine del giorno, primo firmatario Roberto Deriu.<\/p>\n\n\n\n<p>\u201cLa modifica dell\u2019articolo 119 della Costituzione ha segnato una svolta epocale per la Sardegna \u2013 spiega Deriu \u2013, in quanto il Parlamento ha riconosciuto le peculiarit\u00e0 delle Isole e il superamento degli svantaggi derivanti dall\u2019insularit\u00e0. Il Consiglio regionale sardo ha gi\u00e0 impegnato il Presidente e la sua Giunta a istituire un organismo tecnico, composto da esperti in materia di insularit\u00e0, per l\u2019attuazione dello stesso articolo della Costituzione, di supporto alla Giunta regionale e alla Commissione speciale\u201d.<br>Un passaggio fondamentale \u2013 previsto nella Risoluzione n.22, approvata dalla Commissione speciale nella seduta del 9 agosto 2022 e approvata poi dal Consiglio regionale il 12 ottobre 2022 \u2013 considerato che l\u2019organismo tecnico avr\u00e0 il compito di monitorare i progetti di legge sul tema, valutarne la conformit\u00e0 costituzionale, predisporre piani di interventi per il superamento del gap insulare, predisporre una relazione annuale da trasmettere alla Giunta regionale e alla Commissione speciale, rilevare dati statistici e realizzare studi e ricerche sul tema.<br>\u201cMa per realizzare tutti questi impegni \u2013 precisa l\u2019esponente dem \u2013 risulta indispensabile l\u2019istituzione immediata di una direzione generale sull\u2019insularit\u00e0. Una cabina di regia che coordini e supporti le istituzioni della Regione nell\u2019iter necessario alla realizzazione di tutti gli interventi previsti nell\u2019importantissimo articolo 119 della Costituzione\u201d.&nbsp;<br>\u201cSolo in questo modo \u2013 conclude Roberto Deriu \u2013 la Sardegna potr\u00e0 finalmente rimuovere gli svantaggi che la condizione insulare comporta e restituire cos\u00ec ai sardi tutti quei diritti negati per troppo tempo\u201d. Com<\/p>\n","protected":false},"excerpt":{"rendered":"<p>Cagliari, 29 Mar 2023 &#8211; Istituire subito una direzione generale per la realizzazione di tutti i procedimenti necessari all\u2019attuazione del principio di insularit\u00e0 in Costituzione.&#8230;<\/p>\n","protected":false},"author":2,"featured_media":7831,"comment_status":"closed","ping_status":"open","sticky":false,"template":"","format":"standard","meta":[],"categories":[49,52],"tags":[],"_links":{"self":[{"href":"https:\/\/www.cronacaonline.it\/index.php\/wp-json\/wp\/v2\/posts\/234080"}],"collection":[{"href":"https:\/\/www.cronacaonline.it\/index.php\/wp-json\/wp\/v2\/posts"}],"about":[{"href":"https:\/\/www.cronacaonline.it\/index.php\/wp-json\/wp\/v2\/types\/post"}],"author":[{"embeddable":true,"href":"https:\/\/www.cronacaonline.it\/index.php\/wp-json\/wp\/v2\/users\/2"}],"replies":[{"embeddable":true,"href":"https:\/\/www.cronacaonline.it\/index.php\/wp-json\/wp\/v2\/comments?post=234080"}],"version-history":[{"count":1,"href":"https:\/\/www.cronacaonline.it\/index.php\/wp-json\/wp\/v2\/posts\/234080\/revisions"}],"predecessor-version":[{"id":234081,"href":"https:\/\/www.cronacaonline.it\/index.php\/wp-json\/wp\/v2\/posts\/234080\/revisions\/234081"}],"wp:featuredmedia":[{"embeddable":true,"href":"https:\/\/www.cronacaonline.it\/index.php\/wp-json\/wp\/v2\/media\/7831"}],"wp:attachment":[{"href":"https:\/\/www.cronacaonline.it\/index.php\/wp-json\/wp\/v2\/media?parent=234080"}],"wp:term":[{"taxonomy":"category","embeddable":true,"href":"https:\/\/www.cronacaonline.it\/index.php\/wp-json\/wp\/v2\/categories?post=234080"},{"taxonomy":"post_tag","embeddable":true,"href":"https:\/\/www.cronacaonline.it\/index.php\/wp-json\/wp\/v2\/tags?post=234080"}],"curies":[{"name":"wp","href":"https:\/\/api.w.org\/{rel}","templated":true}]}}