{"id":234049,"date":"2023-03-28T18:57:30","date_gmt":"2023-03-28T16:57:30","guid":{"rendered":"https:\/\/www.cronacaonline.it\/?p=234049"},"modified":"2023-03-28T18:57:34","modified_gmt":"2023-03-28T16:57:34","slug":"lavoro-assessore-lavoro-sardegna-ada-lai-incontra-imprese-e-associazioni-di-categoria-del-settore-del-turismo","status":"publish","type":"post","link":"https:\/\/www.cronacaonline.it\/index.php\/2023\/03\/28\/lavoro-assessore-lavoro-sardegna-ada-lai-incontra-imprese-e-associazioni-di-categoria-del-settore-del-turismo\/","title":{"rendered":"Lavoro, assessore Lavoro Sardegna Ada Lai incontra imprese e associazioni di categoria del settore del turismo."},"content":{"rendered":"\n<p>Cagliari, 28 Mar 2023 \u2013\u00a0Le prospettive e le criticit\u00e0 dell\u2019occupazione nel settore turistico ricettivo sono state esaminate nel corso di un incontro, in videoconferenza, tra l\u2019assessore del Lavoro Ada Lai e i rappresentanti delle imprese e delle associazioni di categoria del settore del turismo.<\/p>\n\n\n\n<p>All\u2019ordine del giorno gli Avvisi per il sostegno al lavoro del personale di tutti i soggetti turistici, in corso di pubblicazione per gli anni 2022 e 2023. Tra i temi affrontati la mancanza di personale qualificato, la destagionalizzazione, la formazione del personale alberghiero,&nbsp;le condizioni di lavoro, la tutela e la precariet\u00e0 dei contratti, che spesso allontanano i giovani dal settore turistico-ricettivo per cercare occupazione altrove. Tra le richieste avanzate dal comparto, quella di migliorare, in sinergia con l\u2019assessorato del lavoro, le competenze e i livelli di professionalit\u00e0 del settore ricettivo sardo in tutti gradi della scala gerarchica, avviando attraverso le Academy, percorsi formativi mirati, in grado di coniugare la teoria con la pratica, non solo per i minori, ma anche per gli adulti; Bandi pubblici pi\u00f9 veloci nelle tempistiche e progetti di marketing territoriale coordinati a livello regionale.<\/p>\n\n\n\n<p>Soddisfatta dell\u2019esito dell\u2019incontro l\u2019assessore Lai. \"Accogliamo con spirito di costruttiva collaborazione le richieste degli imprenditori turistici e delle associazioni di categoria - ha affermato l\u2019assessore - con una attenzione particolare al ruolo della formazione, perch\u00e9 solo attraverso un\u2019incisiva azione di professionalizzazione sar\u00e0 possibile essere pi\u00f9 competitivi. L\u2019assessorato del Lavoro, infatti, come abbiamo visto nei Job day, \u00e8 impegnato nel promuovere l\u2019incontro tra la domanda e l\u2019offerta, e nel mettere in campo politiche attive per il lavoro finalizzate ad una formazione professionalizzante, in grado di formare le figure richieste dal mercato, a cui dovranno corrispondere contratti regolari da parte delle imprese. Per rilanciare il settore turistico&nbsp;e favorire la destagionalizzazione - ha aggiunto Lai -&nbsp;&nbsp;bisogna invece ripensare l\u2019offerta,&nbsp;puntando non solo sul turismo balneare, ma anche su altre formule di turismo eco sostenibile, come quello rurale, enogastronomico, del benessere e soprattutto culturale. Perch\u00e9 la Sardegna non \u00e8 solo mare,&nbsp;ma \u00e8 una terra antica, depositaria di una storia millenaria che offre ai suoi visitatori un patrimonio immateriale unico: natura, arte, cultura, archeologia, tradizioni e identit\u00e0. Per diversificare l\u2019offerta turistica e raggiungere facilmente i siti di interesse sar\u00e0, quindi, necessario potenziare i collegamenti marittimi e terrestri. Com<\/p>\n","protected":false},"excerpt":{"rendered":"<p>Cagliari, 28 Mar 2023 \u2013\u00a0Le prospettive e le criticit\u00e0 dell\u2019occupazione nel settore turistico ricettivo sono state esaminate nel corso di un incontro, in videoconferenza, tra&#8230;<\/p>\n","protected":false},"author":2,"featured_media":231370,"comment_status":"closed","ping_status":"open","sticky":false,"template":"","format":"standard","meta":[],"categories":[49,52],"tags":[],"_links":{"self":[{"href":"https:\/\/www.cronacaonline.it\/index.php\/wp-json\/wp\/v2\/posts\/234049"}],"collection":[{"href":"https:\/\/www.cronacaonline.it\/index.php\/wp-json\/wp\/v2\/posts"}],"about":[{"href":"https:\/\/www.cronacaonline.it\/index.php\/wp-json\/wp\/v2\/types\/post"}],"author":[{"embeddable":true,"href":"https:\/\/www.cronacaonline.it\/index.php\/wp-json\/wp\/v2\/users\/2"}],"replies":[{"embeddable":true,"href":"https:\/\/www.cronacaonline.it\/index.php\/wp-json\/wp\/v2\/comments?post=234049"}],"version-history":[{"count":1,"href":"https:\/\/www.cronacaonline.it\/index.php\/wp-json\/wp\/v2\/posts\/234049\/revisions"}],"predecessor-version":[{"id":234050,"href":"https:\/\/www.cronacaonline.it\/index.php\/wp-json\/wp\/v2\/posts\/234049\/revisions\/234050"}],"wp:featuredmedia":[{"embeddable":true,"href":"https:\/\/www.cronacaonline.it\/index.php\/wp-json\/wp\/v2\/media\/231370"}],"wp:attachment":[{"href":"https:\/\/www.cronacaonline.it\/index.php\/wp-json\/wp\/v2\/media?parent=234049"}],"wp:term":[{"taxonomy":"category","embeddable":true,"href":"https:\/\/www.cronacaonline.it\/index.php\/wp-json\/wp\/v2\/categories?post=234049"},{"taxonomy":"post_tag","embeddable":true,"href":"https:\/\/www.cronacaonline.it\/index.php\/wp-json\/wp\/v2\/tags?post=234049"}],"curies":[{"name":"wp","href":"https:\/\/api.w.org\/{rel}","templated":true}]}}