{"id":234040,"date":"2023-03-28T16:28:17","date_gmt":"2023-03-28T14:28:17","guid":{"rendered":"https:\/\/www.cronacaonline.it\/?p=234040"},"modified":"2023-03-28T16:28:19","modified_gmt":"2023-03-28T14:28:19","slug":"cento-anni-dellaeronautica-il-presidente-della-regione-sarda-vicini-alla-gente-garanzia-di-pace-a-decimomannu-avanzano-i-lavori-dellinternational-flight-training-school","status":"publish","type":"post","link":"https:\/\/www.cronacaonline.it\/index.php\/2023\/03\/28\/cento-anni-dellaeronautica-il-presidente-della-regione-sarda-vicini-alla-gente-garanzia-di-pace-a-decimomannu-avanzano-i-lavori-dellinternational-flight-training-school\/","title":{"rendered":"Cento anni dell&#8217;aeronautica, il presidente della Regione sarda: vicini alla gente, garanzia di pace. A Decimomannu avanzano i lavori dell&#8217;International Flight Training School."},"content":{"rendered":"\n<p>Cagliari, 28 Mar 2023 \u2013 \u201cIn questa giornata la celebrazione dei 100 anni dell'Aeronautica Militare deve lasciare spazio alla riconoscenza dei cittadini e delle istituzioni nei confronti della vostra Arma, cui giungono i sensi di ammirazione e di affetto per quanto, in questi 100 anni, l\u2019Aeronautica ha fatto, con innumerevoli gesti eroici e con quell\u2019eroismo della quotidianit\u00e0 dei vostri uomini e delle vostre donne, che forse non trova spazio nei libri di storia, ma che \u00e8 perenne garanzia di pace e di sicurezza per i cittadini\u201d.<\/p>\n\n\n\n<p>Lo ha detto il Presidente della Regione sarda intervenendo alle celebrazioni che si sono svolte nell'aeroporto di Decimomannu.<\/p>\n\n\n\n<p>\u201c\u00c8 importante celebrare i 100 anni dell\u2019Aeronautica Militare, un volo lungo 100 anni, un volo di emozioni, di ricordi, di futuro, in cui valorizzare il patrimonio umano, il progresso tecnologico, la visione del domani che vi sono propri, ha detto il Presidente. Ed \u00e8 particolarmente importante e significativo celebrare qui questa ricorrenza a Decimomannu, nell\u2019aeroporto intitolato al Colonello Giovanni Farina, che offr\u00ec la sua vita per difendere la Sardegna il 14 giugno del 1942. Aeroporto che oggi \u00e8 teatro di una rinnovata, forte, convinta collaborazione tra le Istituzioni Democratiche, la Regione Sarda in particolare, e la vostra Arma.<\/p>\n\n\n\n<p>L\u2019International Flight School di Decimomannu ne \u00e8 un importantissimo esempio. \u00c8 un progetto di straordinaria rilevanza, in grado di sviluppare alti livelli di addestramento e di tecnologia. Un polo d\u2019eccellenza per l\u2019addestramento al volo avanzato con la formazione dei piloti di molti Paesi, un investimento strategico in politica militare. Un progetto in ottimo stato di avanzamento che avr\u00e0 anche positive ricadute economiche per il territorio, in un\u2019ottica di rinnovata collaborazione tra le Istituzioni. Decimomannu diventer\u00e0, sta gi\u00e0 diventando, un polo d\u2019eccellenza per l\u2019addestramento al volo avanzato, ospiter\u00e0 il pi\u00f9 moderno ed evoluto sistema di addestramento integrato tra quelli presenti negli altri paesi occidentali, realizzato grazie alla positiva sinergia tra il mondo della Difesa, quello dell\u2019industria e la nostra Regione. L\u2019International Flight Training School consentir\u00e0 di raddoppiare l'attuale offerta formativa dell\u2019Aeronautica Militare attraverso la creazione di un polo addestrativo che si unir\u00e0 a quello gi\u00e0 esistente presso la base aerea di Galatina. Ma \u00e8 giusto oggi anche ricordare le tante occasioni in cui l\u2019aeronautica ha offerto il proprio generoso aiuto alla popolazione civile, i tanti voli effettuati per salvare vite umane, spesso di bambini, il generoso saluto che le frecce tricolori fecero su Cagliari durante i giorni pi\u00f9 bui della pandemia, un messaggio di speranza e di orgoglio, un presagio della ripresa che oggi, dopo tanta sofferenza, stiamo vivendo. Quelle frecce tricolori tanto care ai Sardi anche per la luminosa figura del nostro conterraneo, il Tenente Colonnello medaglia d\u2019oro Antonio Gallus, Capoformazione numero 1 della pattuglia acrobatica dal 1974 al 1981, anno in cui mor\u00ec da eroe sacrificando la propria vita per evitare una strage di civili in un tragico incidente in Friuli. Oggi insieme all\u2019Aeronautica, insieme alle Forze Armate, vogliamo contribuire alla crescita economica, tecnologica, culturale e sociale, alla sicurezza e al benessere della nostra popolazione. Vogliamo anche e soprattutto, insieme, ha detto il Presidente,&nbsp;costruire la pace. Dobbiamo difendere la pace, la libert\u00e0, la democrazia. E questa missione appare oggi ai nostri occhi nella sua rinnovata urgenza, alla luce, se luce si pu\u00f2 chiamare, degli eventi di cui siamo testimoni e che accadono alle porte dell\u2019Europa con il serio rischio di un allargamento fino alle nostre terre. Ancora una volta invochiamo la pace, e ancora una volta comprendiamo che essa non \u00e8, non pu\u00f2 essere considerata esclusivamente come il silenzio delle armi, pur cos\u00ec necessario e urgente. La pace \u00e8 qualcosa di diverso e di pi\u00f9 dell\u2019assenza di guerra. E\u2019 una condizione interiore che deve partire dalla coscienza di ogni donna e di ogni uomo e deve renderci inclini al rispetto reciproco, all\u2019accoglienza, all\u2019amicizia tra persone e popoli, nel rispetto delle diversit\u00e0 e delle identit\u00e0 di ciascuno. Solo su queste basi pu\u00f2 esserci veramente pace tra le persone e tra i popoli. Desiderando e ricercando questa pace, ancora una volta guardiamo a voi, donne e uomini dell\u2019Aeronautica Militare Italiana, come ad un fulgido esempio di dedizione al dovere e amore per il prossimo. E sappiamo che voi, come sempre, non ci deluderete, ha concluso il Presidente\u201d. Com<\/p>\n","protected":false},"excerpt":{"rendered":"<p>Cagliari, 28 Mar 2023 \u2013 \u201cIn questa giornata la celebrazione dei 100 anni dell&#8217;Aeronautica Militare deve lasciare spazio alla riconoscenza dei cittadini e delle istituzioni&#8230;<\/p>\n","protected":false},"author":2,"featured_media":234041,"comment_status":"closed","ping_status":"open","sticky":false,"template":"","format":"standard","meta":[],"categories":[49,52],"tags":[],"_links":{"self":[{"href":"https:\/\/www.cronacaonline.it\/index.php\/wp-json\/wp\/v2\/posts\/234040"}],"collection":[{"href":"https:\/\/www.cronacaonline.it\/index.php\/wp-json\/wp\/v2\/posts"}],"about":[{"href":"https:\/\/www.cronacaonline.it\/index.php\/wp-json\/wp\/v2\/types\/post"}],"author":[{"embeddable":true,"href":"https:\/\/www.cronacaonline.it\/index.php\/wp-json\/wp\/v2\/users\/2"}],"replies":[{"embeddable":true,"href":"https:\/\/www.cronacaonline.it\/index.php\/wp-json\/wp\/v2\/comments?post=234040"}],"version-history":[{"count":1,"href":"https:\/\/www.cronacaonline.it\/index.php\/wp-json\/wp\/v2\/posts\/234040\/revisions"}],"predecessor-version":[{"id":234042,"href":"https:\/\/www.cronacaonline.it\/index.php\/wp-json\/wp\/v2\/posts\/234040\/revisions\/234042"}],"wp:featuredmedia":[{"embeddable":true,"href":"https:\/\/www.cronacaonline.it\/index.php\/wp-json\/wp\/v2\/media\/234041"}],"wp:attachment":[{"href":"https:\/\/www.cronacaonline.it\/index.php\/wp-json\/wp\/v2\/media?parent=234040"}],"wp:term":[{"taxonomy":"category","embeddable":true,"href":"https:\/\/www.cronacaonline.it\/index.php\/wp-json\/wp\/v2\/categories?post=234040"},{"taxonomy":"post_tag","embeddable":true,"href":"https:\/\/www.cronacaonline.it\/index.php\/wp-json\/wp\/v2\/tags?post=234040"}],"curies":[{"name":"wp","href":"https:\/\/api.w.org\/{rel}","templated":true}]}}